{"id":791,"date":"2011-10-17T11:45:04","date_gmt":"2011-10-17T09:45:04","guid":{"rendered":"http:\/\/www.dataprivacy.hu\/?p=791"},"modified":"2012-01-08T01:21:02","modified_gmt":"2012-01-08T00:21:02","slug":"civilszervezetek-az-uj-adatvedelmi-torveny-ellen","status":"publish","type":"post","link":"https:\/\/www.dataprivacy.hu\/?p=791","title":{"rendered":"Civilszervezetek az \u00faj adatv\u00e9delmi t\u00f6rv\u00e9ny ellen"},"content":{"rendered":"<p>Az E\u00f6tv\u00f6s K\u00e1roly Int\u00e9zet, a Magyar Helsinki Bizotts\u00e1g \u00e9s a T\u00e1rsas\u00e1g a Szabads\u00e1gjogok\u00e9rt (TASZ) <a href=\"http:\/\/www.ekint.org\/ekint\/ekint.news.page?nodeid=474\" target=\"_blank\">k\u00f6z\u00f6s lev\u00e9lben<\/a> fordultak az Eur\u00f3pai Uni\u00f3hoz az \u00faj adatv\u00e9delmi t\u00f6rv\u00e9ny (2011. \u00e9vi CXII. t\u00f6rv\u00e9ny az inform\u00e1ci\u00f3s \u00f6nrendelkez\u00e9si jogr\u00f3l \u00e9s az inform\u00e1ci\u00f3szabads\u00e1gr\u00f3l) kapcs\u00e1n.<\/p>\n<p>Inform\u00e1ci\u00f3ink szerint egyr\u00e9szt azt kifog\u00e1solj\u00e1k \u00e9s azt tartj\u00e1k EU jogba \u00fctk\u00f6z\u0151nek, hogy az adatv\u00e9delmi ombudsman tiszts\u00e9g\u00e9t a t\u00f6rv\u00e9ny az ombudsman mand\u00e1tuma k\u00f6zep\u00e9n sz\u00fcnteti meg.<\/p>\n<p>M\u00e1sodsorban (a Bizotts\u00e1g vs. N\u00e9metorsz\u00e1g &#8211; ECJ C-518\/07 \u00edt\u00e9letre val\u00f3 hivatkoz\u00e1ssal) azt is k\u00e9ts\u00e9gbe vonj\u00e1k, hogy az \u00faj adatv\u00e9delmi hat\u00f3s\u00e1g kell\u0151k\u00e9ppen f\u00fcggetlen lesz-e, mivel ennek hi\u00e1nya szint\u00e9n EU jogot s\u00e9rtene.<\/p>\n<p>A k\u00e9relem k\u00f6vetkezm\u00e9nyek\u00e9nt az Eur\u00f3pai Bizotts\u00e1g d\u00f6nthet r\u00f3la, hogy megvizsg\u00e1lja az \u00fcgyet, \u00e9s <a href=\"http:\/\/ec.europa.eu\/eu_law\/infringements\/infringements_hu.htm\" target=\"_blank\">jogs\u00e9rt\u00e9si elj\u00e1r\u00e1st<\/a> kezdem\u00e9nyez.<\/p>\n<p>A civilszervezetek k\u00e9relm\u00fcket Jos\u00e9 Manuel Barroso \u00farnak (az Eur\u00f3pai Bizotts\u00e1g eln\u00f6ke), Viviane Reding asszonynak (az EU igazs\u00e1g\u00fcgyi biztosa) \u00e9s a 29. cikk szerinti adatv\u00e9delmi munkacsoportnak is eljuttatt\u00e1k.<\/p>\n<p>A fejlem\u00e9nyekr\u0151l igyeksz\u00fcnk besz\u00e1molni.<\/p>\n","protected":false},"excerpt":{"rendered":"<p>Az E\u00f6tv\u00f6s K\u00e1roly Int\u00e9zet, a Magyar Helsinki Bizotts\u00e1g \u00e9s a T\u00e1rsas\u00e1g a Szabads\u00e1gjogok\u00e9rt (TASZ) k\u00f6z\u00f6s lev\u00e9lben fordultak az Eur\u00f3pai Uni\u00f3hoz az \u00faj adatv\u00e9delmi t\u00f6rv\u00e9ny (2011. \u00e9vi CXII. t\u00f6rv\u00e9ny az inform\u00e1ci\u00f3s \u00f6nrendelkez\u00e9si jogr\u00f3l \u00e9s az inform\u00e1ci\u00f3szabads\u00e1gr\u00f3l) kapcs\u00e1n. Inform\u00e1ci\u00f3ink szerint egyr\u00e9szt azt kifog\u00e1solj\u00e1k \u00e9s azt tartj\u00e1k EU jogba \u00fctk\u00f6z\u0151nek, hogy az adatv\u00e9delmi ombudsman tiszts\u00e9g\u00e9t a t\u00f6rv\u00e9ny az [&hellip;]<\/p>\n","protected":false},"author":1,"featured_media":0,"comment_status":"open","ping_status":"open","sticky":false,"template":"","format":"standard","meta":[],"categories":[49],"tags":[15,71,12],"_links":{"self":[{"href":"https:\/\/www.dataprivacy.hu\/index.php?rest_route=\/wp\/v2\/posts\/791"}],"collection":[{"href":"https:\/\/www.dataprivacy.hu\/index.php?rest_route=\/wp\/v2\/posts"}],"about":[{"href":"https:\/\/www.dataprivacy.hu\/index.php?rest_route=\/wp\/v2\/types\/post"}],"author":[{"embeddable":true,"href":"https:\/\/www.dataprivacy.hu\/index.php?rest_route=\/wp\/v2\/users\/1"}],"replies":[{"embeddable":true,"href":"https:\/\/www.dataprivacy.hu\/index.php?rest_route=%2Fwp%2Fv2%2Fcomments&post=791"}],"version-history":[{"count":14,"href":"https:\/\/www.dataprivacy.hu\/index.php?rest_route=\/wp\/v2\/posts\/791\/revisions"}],"predecessor-version":[{"id":950,"href":"https:\/\/www.dataprivacy.hu\/index.php?rest_route=\/wp\/v2\/posts\/791\/revisions\/950"}],"wp:attachment":[{"href":"https:\/\/www.dataprivacy.hu\/index.php?rest_route=%2Fwp%2Fv2%2Fmedia&parent=791"}],"wp:term":[{"taxonomy":"category","embeddable":true,"href":"https:\/\/www.dataprivacy.hu\/index.php?rest_route=%2Fwp%2Fv2%2Fcategories&post=791"},{"taxonomy":"post_tag","embeddable":true,"href":"https:\/\/www.dataprivacy.hu\/index.php?rest_route=%2Fwp%2Fv2%2Ftags&post=791"}],"curies":[{"name":"wp","href":"https:\/\/api.w.org\/{rel}","templated":true}]}}