{"id":608,"date":"2011-06-17T23:59:24","date_gmt":"2011-06-17T21:59:24","guid":{"rendered":"http:\/\/www.dataprivacy.hu\/?p=608"},"modified":"2011-06-18T00:00:41","modified_gmt":"2011-06-17T22:00:41","slug":"az-uj-adatvedelmi-torveny-tervezete-az-orszaggyules-elott","status":"publish","type":"post","link":"https:\/\/www.dataprivacy.hu\/?p=608","title":{"rendered":"Az \u00faj adatv\u00e9delmi t\u00f6rv\u00e9ny tervezete az Orsz\u00e1ggy\u0171l\u00e9s el\u0151tt"},"content":{"rendered":"<p>A mai napon a Korm\u00e1ny beny\u00fajtotta az <a href=\"http:\/\/www.parlament.hu\/internet\/plsql\/ogy_irom.irom_adat?p_ckl=39&amp;p_izon=3586\" target=\"_blank\">\u00faj adatv\u00e9delmi t\u00f6rv\u00e9ny tervezet\u00e9t <\/a>az Orsz\u00e1ggy\u0171l\u00e9s r\u00e9sz\u00e9re.<\/p>\n<p>Els\u0151 olvasat alapj\u00e1n\u00a0 meg\u00e1llap\u00edthat\u00f3, hogy a <a href=\"http:\/\/www.dataprivacy.hu\/archives\/580\" target=\"_blank\">miniszteri tervezethez <\/a>k\u00e9pest pontos\u00edt\u00e1sok t\u00f6rt\u00e9ntek \u00e9s a t\u00e1rsadalmi egyeztet\u00e9s sor\u00e1n <a href=\"http:\/\/www.dataprivacy.hu\/archives\/586\" target=\"_blank\">megk\u00fcld\u00f6tt v\u00e9lem\u00e9ny\u00fcnkben<\/a> javasoltak is &#8211; legal\u00e1bb r\u00e9szben &#8211; megval\u00f3sultak. \u00cdgy a t\u00f6rv\u00e9nytervezet indokol\u00e1sa szerint: &#8220;&#8230; <em>a Javaslat az Avtv. rendszer\u00e9t\u0151l elt\u00e9r\u0151en a magyar adatv\u00e9delmi rendszerben eddig elfogadott k\u00e9t jogalap mellett, azokat kieg\u00e9sz\u00edtve bevezeti a 95\/46 ir\u00e1nyelv 7 . cikk c) \u00e9s f) pontja szerinti \u00faj jogalapot is, amely sz\u0171k k\u00f6rben, \u00e9s \u00e1tfog\u00f3 garanci\u00e1lis szab\u00e1lyok mellett lehet\u0151v\u00e9 teszi, hogy bizonyos esetekben, speci\u00e1lis \u00e9rdekekb\u0151l az \u00e9rintett hozz\u00e1j\u00e1rul\u00e1sa hi\u00e1ny\u00e1ban, \u00e9s a jogalkot\u00f3 k\u00f6zhatalmi aktusa n\u00e9lk\u00fcl is sor ker\u00fclhessen az adatkezel\u00e9sre.<\/em>&#8221; Pozit\u00edv v\u00e1ltoz\u00e1s teh\u00e1t, hogy bevezetik azt az adatkezel\u00e9si jogalapot, mikor az adatkezel\u0151 jogszer\u0171 \u00e9rdekeinek \u00e9rv\u00e9nyes\u00edt\u00e9s\u00e9hez van sz\u00fcks\u00e9g a szem\u00e9lyes adatokra (eleddig ugyanis ez hi\u00e1nyzott a magyar jogban, ami nem kev\u00e9s bossz\u00fas\u00e1got okozott a gyakorlatban).<\/p>\n<p>M\u00e1sr\u00e9szr\u0151l komoly h\u00e1tral\u00e9p\u00e9s a tervezetben, hogy az adatfeldolgoz\u00e1sra vonatkoz\u00f3 Avtv szab\u00e1lyokat \u00e1tvett\u00e9k, k\u00f6z\u00f6tt\u00fck azt is, hogy tiltan\u00e1k az adatfeldolgoz\u00f3 r\u00e9sz\u00e9r\u0151l tov\u00e1bbi adatfeldolgoz\u00f3 ig\u00e9nybev\u00e9tel\u00e9t, amely szab\u00e1ly nem sz\u00e1mol a realit\u00e1sokkal.<\/p>\n<p>A 10 milli\u00f3 forintig terjed\u0151 b\u00edrs\u00e1g \u00e9s az adatv\u00e9delmi nyilv\u00e1ntart\u00e1ssal kapcsolatos szab\u00e1lyok a miniszteri tervezethez k\u00e9pest v\u00e1ltozatlanok maradtak.<\/p>\n<p>A t\u00f6rv\u00e9ny tervezet\u00e9t \u00e9s az esetleges m\u00f3dos\u00edt\u00f3kat figyelj\u00fck.<\/p>\n","protected":false},"excerpt":{"rendered":"<p>A mai napon a Korm\u00e1ny beny\u00fajtotta az \u00faj adatv\u00e9delmi t\u00f6rv\u00e9ny tervezet\u00e9t az Orsz\u00e1ggy\u0171l\u00e9s r\u00e9sz\u00e9re. Els\u0151 olvasat alapj\u00e1n\u00a0 meg\u00e1llap\u00edthat\u00f3, hogy a miniszteri tervezethez k\u00e9pest pontos\u00edt\u00e1sok t\u00f6rt\u00e9ntek \u00e9s a t\u00e1rsadalmi egyeztet\u00e9s sor\u00e1n megk\u00fcld\u00f6tt v\u00e9lem\u00e9ny\u00fcnkben javasoltak is &#8211; legal\u00e1bb r\u00e9szben &#8211; megval\u00f3sultak. \u00cdgy a t\u00f6rv\u00e9nytervezet indokol\u00e1sa szerint: &#8220;&#8230; a Javaslat az Avtv. rendszer\u00e9t\u0151l elt\u00e9r\u0151en a magyar adatv\u00e9delmi rendszerben [&hellip;]<\/p>\n","protected":false},"author":2,"featured_media":0,"comment_status":"open","ping_status":"open","sticky":false,"template":"","format":"standard","meta":[],"categories":[49],"tags":[95,15,149,148,135,8],"_links":{"self":[{"href":"https:\/\/www.dataprivacy.hu\/index.php?rest_route=\/wp\/v2\/posts\/608"}],"collection":[{"href":"https:\/\/www.dataprivacy.hu\/index.php?rest_route=\/wp\/v2\/posts"}],"about":[{"href":"https:\/\/www.dataprivacy.hu\/index.php?rest_route=\/wp\/v2\/types\/post"}],"author":[{"embeddable":true,"href":"https:\/\/www.dataprivacy.hu\/index.php?rest_route=\/wp\/v2\/users\/2"}],"replies":[{"embeddable":true,"href":"https:\/\/www.dataprivacy.hu\/index.php?rest_route=%2Fwp%2Fv2%2Fcomments&post=608"}],"version-history":[{"count":3,"href":"https:\/\/www.dataprivacy.hu\/index.php?rest_route=\/wp\/v2\/posts\/608\/revisions"}],"predecessor-version":[{"id":611,"href":"https:\/\/www.dataprivacy.hu\/index.php?rest_route=\/wp\/v2\/posts\/608\/revisions\/611"}],"wp:attachment":[{"href":"https:\/\/www.dataprivacy.hu\/index.php?rest_route=%2Fwp%2Fv2%2Fmedia&parent=608"}],"wp:term":[{"taxonomy":"category","embeddable":true,"href":"https:\/\/www.dataprivacy.hu\/index.php?rest_route=%2Fwp%2Fv2%2Fcategories&post=608"},{"taxonomy":"post_tag","embeddable":true,"href":"https:\/\/www.dataprivacy.hu\/index.php?rest_route=%2Fwp%2Fv2%2Ftags&post=608"}],"curies":[{"name":"wp","href":"https:\/\/api.w.org\/{rel}","templated":true}]}}