{"id":580,"date":"2011-06-08T12:03:01","date_gmt":"2011-06-08T10:03:01","guid":{"rendered":"http:\/\/www.dataprivacy.hu\/?p=580"},"modified":"2011-06-08T12:03:01","modified_gmt":"2011-06-08T10:03:01","slug":"az-uj-adatvedelmi-torveny-tarsadalmi-egyeztetes-alatt","status":"publish","type":"post","link":"https:\/\/www.dataprivacy.hu\/?p=580","title":{"rendered":"Az \u00faj adatv\u00e9delmi t\u00f6rv\u00e9ny t\u00e1rsadalmi egyeztet\u00e9s alatt"},"content":{"rendered":"<p>2011. j\u00fanius 7. napj\u00e1val K\u00f6zigazgat\u00e1si \u00e9s Igazs\u00e1g\u00fcgyi Miniszt\u00e9rium kormany.hu aloldal\u00e1n megjelent az adatv\u00e9delmi t\u00f6rv\u00e9nyt felv\u00e1ltani hivatott inform\u00e1ci\u00f3s \u00f6nrendelkez\u00e9si jogr\u00f3l \u00e9s az inform\u00e1ci\u00f3szabads\u00e1gr\u00f3l sz\u00f3l\u00f3 t\u00f6rv\u00e9ny k\u00f6zigazgat\u00e1si egyeztet\u00e9s alatt \u00e1ll\u00f3 <a href=\"http:\/\/www.kormany.hu\/download\/c\/7f\/30000\/Avtv_eloterjesztes.pdf\">tervezete<\/a>.<\/p>\n<p>Els\u0151 olvasat alapj\u00e1n a t\u00f6rv\u00e9nytervezet igen gyenge, mert t\u00f6bb ponton is elt\u00e9r a 29. cikk szerinti adatv\u00e9delmi munkacsoport \u00e1ll\u00e1spontjait\u00f3l, \u00edgy az adatv\u00e9delem \u00e9s az inform\u00e1ci\u00f3szabads\u00e1g ter\u00e9n el\u00e9rt v\u00edvm\u00e1nyok megtart\u00e1s\u00e1nak a c\u00edmszav\u00e1val a magyar adatv\u00e9delmi t\u00f6rv\u00e9ny t\u00f6bb idej\u00e9tm\u00falt rendelkez\u00e9s\u00e9t \u00e1tvette \u00e9s az sajn\u00e1latos m\u00f3don t\u00f6bb ponton is s\u00e9rti az eur\u00f3pai adatv\u00e9delmi ir\u00e1nyelv rendelkez\u00e9seit.<\/p>\n<p>A miniszt\u00e9rium r\u00e9sz\u00e9re \u00e1ll\u00e1sfoglal\u00e1st k\u00e9sz\u00edt\u00fcnk, melyet a jelen oldalon is k\u00f6zz\u00e9tesz\u00fcnk.<\/p>\n","protected":false},"excerpt":{"rendered":"<p>2011. j\u00fanius 7. napj\u00e1val K\u00f6zigazgat\u00e1si \u00e9s Igazs\u00e1g\u00fcgyi Miniszt\u00e9rium kormany.hu aloldal\u00e1n megjelent az adatv\u00e9delmi t\u00f6rv\u00e9nyt felv\u00e1ltani hivatott inform\u00e1ci\u00f3s \u00f6nrendelkez\u00e9si jogr\u00f3l \u00e9s az inform\u00e1ci\u00f3szabads\u00e1gr\u00f3l sz\u00f3l\u00f3 t\u00f6rv\u00e9ny k\u00f6zigazgat\u00e1si egyeztet\u00e9s alatt \u00e1ll\u00f3 tervezete. Els\u0151 olvasat alapj\u00e1n a t\u00f6rv\u00e9nytervezet igen gyenge, mert t\u00f6bb ponton is elt\u00e9r a 29. cikk szerinti adatv\u00e9delmi munkacsoport \u00e1ll\u00e1spontjait\u00f3l, \u00edgy az adatv\u00e9delem \u00e9s az inform\u00e1ci\u00f3szabads\u00e1g ter\u00e9n [&hellip;]<\/p>\n","protected":false},"author":2,"featured_media":0,"comment_status":"open","ping_status":"open","sticky":false,"template":"","format":"standard","meta":[],"categories":[49],"tags":[15,135,136],"_links":{"self":[{"href":"https:\/\/www.dataprivacy.hu\/index.php?rest_route=\/wp\/v2\/posts\/580"}],"collection":[{"href":"https:\/\/www.dataprivacy.hu\/index.php?rest_route=\/wp\/v2\/posts"}],"about":[{"href":"https:\/\/www.dataprivacy.hu\/index.php?rest_route=\/wp\/v2\/types\/post"}],"author":[{"embeddable":true,"href":"https:\/\/www.dataprivacy.hu\/index.php?rest_route=\/wp\/v2\/users\/2"}],"replies":[{"embeddable":true,"href":"https:\/\/www.dataprivacy.hu\/index.php?rest_route=%2Fwp%2Fv2%2Fcomments&post=580"}],"version-history":[{"count":1,"href":"https:\/\/www.dataprivacy.hu\/index.php?rest_route=\/wp\/v2\/posts\/580\/revisions"}],"predecessor-version":[{"id":581,"href":"https:\/\/www.dataprivacy.hu\/index.php?rest_route=\/wp\/v2\/posts\/580\/revisions\/581"}],"wp:attachment":[{"href":"https:\/\/www.dataprivacy.hu\/index.php?rest_route=%2Fwp%2Fv2%2Fmedia&parent=580"}],"wp:term":[{"taxonomy":"category","embeddable":true,"href":"https:\/\/www.dataprivacy.hu\/index.php?rest_route=%2Fwp%2Fv2%2Fcategories&post=580"},{"taxonomy":"post_tag","embeddable":true,"href":"https:\/\/www.dataprivacy.hu\/index.php?rest_route=%2Fwp%2Fv2%2Ftags&post=580"}],"curies":[{"name":"wp","href":"https:\/\/api.w.org\/{rel}","templated":true}]}}