{"id":566,"date":"2011-05-22T22:50:41","date_gmt":"2011-05-22T20:50:41","guid":{"rendered":"http:\/\/www.dataprivacy.hu\/?p=566"},"modified":"2011-05-30T08:21:12","modified_gmt":"2011-05-30T06:21:12","slug":"velemeny-az-intelligens-mobil-eszkozokhoz-kapcsolodo-helymeghatarozo-szolgaltatasokrol-wp-132011","status":"publish","type":"post","link":"https:\/\/www.dataprivacy.hu\/?p=566","title":{"rendered":"V\u00e9lem\u00e9ny az intelligens mobil eszk\u00f6z\u00f6kh\u00f6z kapcsol\u00f3d\u00f3 helymeghat\u00e1roz\u00f3 szolg\u00e1ltat\u00e1sokr\u00f3l (WP 13\/2011)"},"content":{"rendered":"<p>A 29. cikk szerinti adatv\u00e9delmi munkacsoport 2011. m\u00e1jus 16-\u00e1n \u00e1ll\u00e1sfoglal\u00e1st fogadott el az intelligens mobil eszk\u00f6z\u00f6kh\u00f6z kapcsol\u00f3d\u00f3 <strong><a href=\"http:\/\/en.wikipedia.org\/wiki\/Location-based_service\">geolokaliz\u00e1ci\u00f3s szolg\u00e1ltat\u00e1sokr\u00f3<\/a>l<\/strong>. Ilyen szolg\u00e1ltat\u00e1sok k\u00fcl\u00f6n\u00f6sen a helyzet-meghat\u00e1roz\u00e1shoz k\u00f6t\u0151d\u0151 \u00fatinform\u00e1ci\u00f3s \u00e9s navig\u00e1ci\u00f3s rendszerek, <strong><a href=\"http:\/\/hu.wikipedia.org\/wiki\/Kiterjesztett_val%C3%B3s%C3%A1g\">kiterjesztett val\u00f3s\u00e1g<\/a><\/strong>, <strong><a href=\"http:\/\/hu.wikipedia.org\/wiki\/Geotagging\">geotagging<\/a><\/strong>, emberek nyomon k\u00f6vet\u00e9se \u00e9s a helyalap\u00fa rekl\u00e1moz\u00e1s. A v\u00e9lem\u00e9ny ezen szolg\u00e1ltat\u00e1sokat meghalad\u00f3an a helymeghat\u00e1roz\u00f3 szolg\u00e1ltat\u00e1sok ny\u00fajt\u00e1s\u00e1nak h\u00e1rom f\u0151 infrastrukt\u00far\u00e1j\u00e1val, \u00edgy a szatellit alap\u00fa GPS, az antenna alap\u00fa GSM \u00e9s a routeren alapul\u00f3 WiFi technik\u00e1kkal is foglalkozik<em>.<\/em> Mivel a felsorolt technol\u00f3gi\u00e1k szem\u00e9lyes adatok v\u00e9delm\u00e9vel kapcsolatos k\u00e9rd\u00e9seket vetnek f\u00f6l, ez\u00e9rt  a munkacsoport akk\u00e9nt d\u00f6nt\u00f6tt, hogy tiszt\u00e1zza azon jogi k\u00f6vetelm\u00e9nyeket, melyek az eur\u00f3pai adatv\u00e9delmi ir\u00e1nyelv hat\u00e1lya alatt ezen rendszerekre \u00e9s technol\u00f3gi\u00e1kra ir\u00e1nyad\u00f3ak.<br \/>\n<!--more--><\/p>\n<p>Az intelligens mobil eszk\u00f6z\u00f6k adatv\u00e9delemmel kapcsolatos kock\u00e1zata abban jelentkezik, hogy ezek egy adott szem\u00e9lyhez szorosan kapcsol\u00f3dnak, jellemz\u0151en testk\u00f6zelben tal\u00e1lhat\u00f3ak, mivel a felhaszn\u00e1l\u00f3 igen ritk\u00e1n v\u00e1lik meg a k\u00e9sz\u00fcl\u00e9k\u00e9t\u0151l. Ennek megfelel\u0151en a helymeghat\u00e1roz\u00e1si szolg\u00e1ltat\u00e1s alkalmas arra, hogy szem\u00e9lyis\u00e9gprofilt alkossanak az adatalanyr\u00f3l, mint az eszk\u00f6z tulajdonos\u00e1r\u00f3l. Ez a szem\u00e9ly mozg\u00e1sa, szok\u00e1sos tart\u00f3zkod\u00e1si helye mellett adott esetben k\u00fcl\u00f6nleges szem\u00e9lyes adatok felt\u00e1r\u00e1s\u00e1hoz is vezethet, mint p\u00e9ld\u00e1ul a k\u00f3rh\u00e1zi l\u00e1togat\u00e1s, vall\u00e1si helyeken, politikai demonstr\u00e1ci\u00f3n val\u00f3 jelenl\u00e9t, etc. Az intelligens mobil eszk\u00f6z alkalmas a szem\u00e9ly tudat\u00e1n k\u00edv\u00fcli megfigyel\u00e9s\u00e9re \u00e9s k\u00f6vet\u00e9s\u00e9re, ide\u00e9rtve azon eseteket is, mikor valaki v\u00e9letlen\u00fcl vagy nem kell\u0151en inform\u00e1lva hagyja bekapcsolva a helymeghat\u00e1roz\u00e1si szolg\u00e1ltat\u00e1st. Mindez k\u00fcl\u00f6nb\u00f6z\u0151 h\u00e1tr\u00e1nyos k\u00f6vetkezm\u00e9nyekkel j\u00e1rhat a sz\u00e1m\u00e1ra, \u00edgy k\u00fcl\u00f6n\u00f6sen akkor, ha olyan c\u00e9lb\u00f3l haszn\u00e1lhatj\u00e1k fel ezeket az adatokat, amelyekkel a felv\u00e9tel pillanat\u00e1ban az adatalany nem sz\u00e1molhatott.<\/p>\n<p>Az adatv\u00e9delmi munkacsoport egy\u00e9rtelm\u0171v\u00e9 tette, hogy az adatv\u00e9delmi ir\u00e1nyelv alkalmazand\u00f3 \u00e9s ir\u00e1nyad\u00f3 a helymeghat\u00e1roz\u00e1si szolg\u00e1ltat\u00e1sokra, m\u00edg az e-Privacy ir\u00e1nyelv az elektronikus h\u00edrk\u00f6zl\u00e9si szolg\u00e1ltat\u00f3k \u00e1ltal kezelt cellaazonos\u00edt\u00f3 (b\u00e1zis\u00e1llom\u00e1s) adatok kezel\u00e9s\u00e9re vonatkozik.<\/p>\n<p>A munkacsoport meger\u0151s\u00edtette, hogy azon t\u00e1rsas\u00e1gok, melyek helymeghat\u00e1roz\u00f3 szolg\u00e1ltat\u00e1sokat \u00e9s alkalmaz\u00e1sokat cellaadatok, GPS illet\u0151leg WiFi adatok kombin\u00e1ci\u00f3j\u00e1val ny\u00fajtanak, <em>inform\u00e1ci\u00f3s t\u00e1rsadalommal kapcsolatos szolg\u00e1ltat\u00e1snak min\u0151s\u00fclnek<\/em>, ami fogalmilag nem rendelhet\u0151 az elektronikus h\u00edrk\u00f6zl\u00e9si szolg\u00e1ltat\u00e1s fogalma al\u00e1. Ez abb\u00f3l k\u00f6vetkezik, hogy a h\u00edrk\u00f6zl\u00e9si szolg\u00e1ltat\u00f3 puszt\u00e1n k\u00f6zvet\u00edt, tev\u00e9kenys\u00e9ge \u201emere conduit\u201d, nem v\u00e9gez m\u00e9lyrehat\u00f3 csomag-ellen\u00f5rz\u00e9st (deep packet inspection), m\u00edg az inform\u00e1ci\u00f3s t\u00e1rsadalommal kapcsolatos szolg\u00e1ltat\u00e1s a GSM h\u00e1l\u00f3zatt\u00f3l f\u00fcggetlen\u00fcl, alkalmaz\u00e1s szinten tov\u00e1bb\u00edtja a helymeghat\u00e1roz\u00f3 adatokat.<\/p>\n<p>A fentiekb\u0151l k\u00f6vetkez\u0151en az adatv\u00e9delmi ir\u00e1nyelv rendelkez\u00e9sei ir\u00e1nyad\u00f3ak a helymeghat\u00e1roz\u00f3 szolg\u00e1ltat\u00e1sokkal kapcsolatos adatkezel\u00e9sekre.<\/p>\n<p>\u00c1ll\u00e1sfoglal\u00e1s\u00e1ban a munkacsoport a szem\u00e9lyes adat fogalm\u00e1r\u00f3l sz\u00f3l\u00f3 4\/2007-es \u00e1ll\u00e1sfoglal\u00e1s\u00e1nak f\u00e9ny\u00e9ben elemzi a helymeghat\u00e1roz\u00f3 szolg\u00e1ltat\u00e1sokkal \u00f6sszef\u00fcgg\u00e9sben a <em>szem\u00e9lyes adat krit\u00e9riumainak teljes\u00fcl\u00e9s\u00e9t<\/em>. A munkacsoport v\u00e9lem\u00e9nye szerint az intelligens mobil eszk\u00f6z\u00f6k eset\u00e9ben megval\u00f3sul a term\u00e9szetes szem\u00e9lyhez k\u00f6t\u00f6tts\u00e9g, ugyanis sz\u00e1mos olyan szitu\u00e1ci\u00f3 keletkezik, mikor is k\u00f6zvetlen vagy k\u00f6zvetett m\u00f3don azonos\u00edthat\u00f3v\u00e1 v\u00e1lik az adatalany annak haszn\u00e1lata sor\u00e1n. Minden intelligens mobil eszk\u00f6z egyedi <strong><a href=\"http:\/\/hu.wikipedia.org\/wiki\/MAC-c%C3%ADm\">MAC azonos\u00edt\u00f3val<\/a> <\/strong>rendelkezik, illet\u0151leg egy\u00e9b egyedi azonos\u00edt\u00f3k is hozz\u00e1k\u00f6thet\u0151ek ezekhez, melyek a helymeghat\u00e1roz\u00f3 szolg\u00e1ltat\u00e1s keret\u00e9ben feldolgoz\u00e1sra ker\u00fclhetnek. A WiFi hozz\u00e1f\u00e9r\u00e9si pontok eset\u00e9ben is megvan az azonos\u00edthat\u00f3s\u00e1g, mivel annak MAC c\u00edme a hozz\u00e1f\u00e9r\u00e9si pont hely\u00e9vel a hozz\u00e1f\u00e9r\u00e9si pont tulajdonos\u00e1hoz k\u00f6t\u0151dik.<\/p>\n<p>Az adatv\u00e9delmi k\u00f6telezetts\u00e9gek c\u00edmzettjei, az <em>adatkezel\u0151k<\/em> lehetnek: a helymeghat\u00e1roz\u00f3 infrastrukt\u00fara tulajdonosa, a helymeghat\u00e1roz\u00f3 szolg\u00e1ltat\u00e1s ny\u00fajt\u00f3ja, tov\u00e1bb\u00e1 az intelligens mobil k\u00e9sz\u00fcl\u00e9k oper\u00e1ci\u00f3s rendszer\u00e9nek fejleszt\u0151je. Megjegyezend\u0151, hogy az adatkezel\u0151 ell\u00e1that ezek k\u00f6z\u00fcl t\u00f6bb funkci\u00f3t is egyidej\u0171leg.<\/p>\n<p>Az <em>adatkezel\u00e9s jogalapja <\/em>vonatkoz\u00e1s\u00e1ban a munkacsoport kiemeli, hogy tekintettel a helymeghat\u00e1roz\u00f3 adat \u00e9rz\u00e9keny adat volt\u00e1ra, ilyen adatot csak az adatalany el\u0151zetes t\u00e1j\u00e9kozott hozz\u00e1j\u00e1rul\u00e1sa eset\u00e9n szabad kezelni. (Elektronikus h\u00edrk\u00f6zl\u00e9si szolg\u00e1ltat\u00f3k \u00e9rt\u00e9k-n\u00f6velt szolg\u00e1ltat\u00e1sok ny\u00fajt\u00e1sa \u00e9rdek\u00e9ben az <strong><a href=\"http:\/\/eur-lex.europa.eu\/LexUriServ\/LexUriServ.do?uri=CELEX:32002L0058:HU:HTML\">e-Privacy ir\u00e1nyelv<\/a> <\/strong>hat\u00e1lya alatt szint\u00e9n csak el\u0151zetes hozz\u00e1j\u00e1rul\u00e1s mellett kezelhetnek.) A hozz\u00e1j\u00e1rul\u00e1s krit\u00e9riuma az \u00f6nk\u00e9ntess\u00e9g, a hat\u00e1rozotts\u00e1g \u00e9s a t\u00e1j\u00e9kozotts\u00e1g.<\/p>\n<p>A hozz\u00e1j\u00e1rul\u00e1s beszerz\u00e9s\u00e9nek k\u00f6telezetts\u00e9ge azt jelenti, hogy az alapbe\u00e1ll\u00edt\u00e1s (default setting) a helymeghat\u00e1roz\u00f3 szolg\u00e1ltat\u00e1s kikapcsolt volta, ekk\u00e9nt pedig a hozz\u00e1j\u00e1rul\u00e1s nem szerezhet\u0151 be puszt\u00e1n \u00c1SZF-ek k\u00f6telez\u0151 elfogad\u00e1s\u00e1val, vagy \u00e9ppen opt-out technik\u00e1val.<\/p>\n<p>A munkav\u00e1llal\u00f3k hozz\u00e1j\u00e1rul\u00e1s\u00e1nak \u00f6nk\u00e9ntess\u00e9ge \u00e1ltal\u00e1ban k\u00e9ts\u00e9ges, melynek vonatkoz\u00e1s\u00e1ban a <strong><a href=\"http:\/\/ec.europa.eu\/justice\/policies\/privacy\/docs\/wpdocs\/2001\/wp48en.pdf\">8\/2001. sz\u00e1m\u00fa \u00e1ll\u00e1sfoglal\u00e1s\u00e1ra<\/a><\/strong> utalt a munkacsoport. Ebb\u0151l k\u00f6vetkez\u0151en a munk\u00e1ltat\u00f3nak a hozz\u00e1j\u00e1rul\u00e1s beszerz\u00e9se helyett azt sz\u00fcks\u00e9ges vizsg\u00e1lnia, hogy val\u00f3ban sz\u00fcks\u00e9ges-e a munkav\u00e1llal\u00f3k helymeghat\u00e1roz\u00f3 adatainak kezel\u00e9se \u00e9s az adatkezel\u0151 jogos \u00e9rdeke ebb\u0151l a szempontb\u00f3l mik\u00e9nt viszonyul a munkav\u00e1llal\u00f3 alapjogaihoz (Ir\u00e1nyelv 7. cikk (f) pontja alapj\u00e1n), mely vonatkoz\u00e1sban a sz\u00fcks\u00e9gess\u00e9g-ar\u00e1nyoss\u00e1g k\u00f6vetelm\u00e9ny\u00e9t sz\u00fcks\u00e9ges figyelembe venni.<\/p>\n<p>Gyermekek eset\u00e9ben a hozz\u00e1j\u00e1rul\u00e1st a t\u00f6rv\u00e9nyes k\u00e9pvisel\u0151nek \/ sz\u00fcl\u0151nek kell megadnia. A fel\u00fcgyelet azonban nem vezethet a gyermek auton\u00f3mi\u00e1j\u00e1nak csorb\u00edt\u00e1s\u00e1hoz sem \u00edgy a munkacsoport utalt a sz\u00fcl\u0151 \u00e9s a gyermek egy\u00fcttd\u00f6nt\u00e9s\u00e9nek sz\u00fcks\u00e9gess\u00e9g\u00e9re. (l\u00e1sd <strong><a href=\"http:\/\/ec.europa.eu\/justice\/policies\/privacy\/docs\/wpdocs\/2009\/wp160_hu.pdf\">3\/2009. sz\u00e1m\u00fa \u00e1ll\u00e1sfoglal\u00e1st<\/a><\/strong>)<\/p>\n<p>A hozz\u00e1j\u00e1rul\u00e1s alapvet\u0151 krit\u00e9riuma annak t\u00e1j\u00e9kozott volta, illet\u0151leg annak felt\u00e1r\u00e1sa,. hogy pontosan milyen c\u00e9lb\u00f3l veszik fel a szem\u00e9lyes adatokat. Az adatkezel\u00e9s c\u00e9lj\u00e1nak megv\u00e1ltoz\u00e1sa eset\u00e9ben \u00faj\u00f3lag be sz\u00fcks\u00e9ges szerezni ehhez az adatalany hozz\u00e1j\u00e1rul\u00e1s\u00e1t, az opt-out lehet\u0151s\u00e9ge ezt a k\u00f6vetelm\u00e9nyt ugyanis nem teljes\u00edti.<\/p>\n<p>Annak \u00e9rdek\u00e9ben, hogy a titkos, illetve nem tudatos k\u00f6vet\u00e9s lehet\u0151s\u00e9ge kiz\u00e1r\u00e1sra ker\u00fclj\u00f6n, a munkacsoport azt javasolja, hogy a mobil k\u00e9sz\u00fcl\u00e9k folyamatosan figyelmeztessen \/ jelezzen arr\u00f3l, mikor a helymeghat\u00e1roz\u00f3 szolg\u00e1ltat\u00e1s \u00e1llapota bekapcsolt. A munkacsoport azt javasolja tov\u00e1bb\u00e1, hogy bizonyos peri\u00f3dusonk\u00e9nt ism\u00e9telt hozz\u00e1j\u00e1rul\u00e1st szerezzen be a szolg\u00e1ltat\u00e1s ny\u00fajt\u00f3ja, \u00edgy k\u00fcl\u00f6n\u00f6sen abban az esetben, ha a felhaszn\u00e1l\u00f3 az elm\u00falt 12 h\u00f3napban nem haszn\u00e1lta a szolg\u00e1ltat\u00e1st. V\u00e9g\u00fcl r\u00f6gz\u00edtend\u0151, hogy a hozz\u00e1j\u00e1rul\u00e1s \u00f6nk\u00e9ntes visszavon\u00e1si lehet\u0151s\u00e9g\u00e9nek szint\u00e9n adottnak kell lennie, mely vonatkoz\u00e1sban a munkacsoport bev\u00e1lt gyakorlatok (best practice) kialak\u00edt\u00e1s\u00e1t aj\u00e1nlja a szolg\u00e1ltat\u00f3k r\u00e9sz\u00e9re.<\/p>\n<p>A munkacsoport az adatalanyok megfelel\u0151 t\u00e1j\u00e9kozotts\u00e1g\u00e1t az adatkezel\u0151 szem\u00e9ly\u00e9r\u0151l, a kezelt adatok k\u00f6r\u00e9r\u0151l, az adatkezel\u00e9s id\u0151tartam\u00e1r\u00f3l illet\u0151leg az adatalany jogair\u00f3l kulcsfontoss\u00e1g\u00fanak tekinti, mivel a hozz\u00e1j\u00e1rul\u00e1s \u00e9rv\u00e9nyess\u00e9ge a szolg\u00e1ltat\u00e1sr\u00f3l ny\u00fajtott t\u00e1j\u00e9koztat\u00e1s min\u0151s\u00e9g\u00e9t\u0151l f\u00fcgg. A t\u00e1j\u00e9koztat\u00e1snak tiszt\u00e1nak, technikai ismeretekkel nem rendelkez\u0151 szem\u00e9lyek r\u00e9sz\u00e9re is \u00e9rthet\u0151nek, \u00e1lland\u00f3an \u00e9s k\u00f6nnyen hozz\u00e1f\u00e9rhet\u0151nek kell lennie, ami \u00e1tlagfogyaszt\u00f3k sz\u00e1m\u00e1ra c\u00edmzett.<\/p>\n<p>Az adatalanyok jogait szint\u00e9n biztos\u00edtani sz\u00fcks\u00e9ges, ennek megfelel\u0151en az \u0151t \u00e9rint\u0151 adatokhoz az adatalany nem numerikus, hanem \u00e1ltala is \u00e9rtelmezhet\u0151 form\u00e1ban legyen jogosult egyedileg is hozz\u00e1f\u00e9rni. Az adatalany jogosult a helymeghat\u00e1roz\u00f3 adattal kapcsolatos esetleges profilj\u00e1hoz hozz\u00e1f\u00e9rni, illetve ezen adatokat helyesb\u00edteni illetve t\u00f6r\u00f6lni.<\/p>\n<p>Az adatt\u00e1rol\u00e1si id\u0151tartam vonatkoz\u00e1s\u00e1ban a munkacsoport kiemelte, hogy ezen adatokat a k\u00f6r\u00fclm\u00e9nyek \u00e1ltal lehet\u0151v\u00e9 tett legr\u00f6videbb id\u0151n bel\u00fcl anonimiz\u00e1lni, illet\u0151leg t\u00f6r\u00f6lni sz\u00fcks\u00e9ges. Ezzel \u00f6sszef\u00fcgg\u00e9sben az egyedi azonos\u00edt\u00f3k kezel\u00e9s\u00e9t m\u0171k\u00f6d\u00e9si c\u00e9lzatb\u00f3l a munkacsoport f\u0151szab\u00e1ly szerint legfeljebb 24 \u00f3r\u00e1s id\u0151tartamra l\u00e1tja indokoltnak.<\/p>\n<p>A v\u00e9lem\u00e9ny hozz\u00e1f\u00e9rhet\u0151 a k\u00f6vetkez\u0151 link alatt:<\/p>\n<p><strong><a href=\"http:\/\/ec.europa.eu\/justice\/policies\/privacy\/docs\/wpdocs\/2011\/wp185_en.pdf\">http:\/\/ec.europa.eu\/justice\/policies\/privacy\/docs\/wpdocs\/2011\/wp185_en.pdf<\/a><\/strong><\/p>\n","protected":false},"excerpt":{"rendered":"<p>A 29. cikk szerinti adatv\u00e9delmi munkacsoport 2011. m\u00e1jus 16-\u00e1n \u00e1ll\u00e1sfoglal\u00e1st fogadott el az intelligens mobil eszk\u00f6z\u00f6kh\u00f6z kapcsol\u00f3d\u00f3 geolokaliz\u00e1ci\u00f3s szolg\u00e1ltat\u00e1sokr\u00f3l. Ilyen szolg\u00e1ltat\u00e1sok k\u00fcl\u00f6n\u00f6sen a helyzet-meghat\u00e1roz\u00e1shoz k\u00f6t\u0151d\u0151 \u00fatinform\u00e1ci\u00f3s \u00e9s navig\u00e1ci\u00f3s rendszerek, kiterjesztett val\u00f3s\u00e1g, geotagging, emberek nyomon k\u00f6vet\u00e9se \u00e9s a helyalap\u00fa rekl\u00e1moz\u00e1s. A v\u00e9lem\u00e9ny ezen szolg\u00e1ltat\u00e1sokat meghalad\u00f3an a helymeghat\u00e1roz\u00f3 szolg\u00e1ltat\u00e1sok ny\u00fajt\u00e1s\u00e1nak h\u00e1rom f\u0151 infrastrukt\u00far\u00e1j\u00e1val, \u00edgy a szatellit alap\u00fa [&hellip;]<\/p>\n","protected":false},"author":2,"featured_media":0,"comment_status":"open","ping_status":"open","sticky":false,"template":"","format":"standard","meta":[],"categories":[51],"tags":[7,131,94,132,21,134,133,8],"_links":{"self":[{"href":"https:\/\/www.dataprivacy.hu\/index.php?rest_route=\/wp\/v2\/posts\/566"}],"collection":[{"href":"https:\/\/www.dataprivacy.hu\/index.php?rest_route=\/wp\/v2\/posts"}],"about":[{"href":"https:\/\/www.dataprivacy.hu\/index.php?rest_route=\/wp\/v2\/types\/post"}],"author":[{"embeddable":true,"href":"https:\/\/www.dataprivacy.hu\/index.php?rest_route=\/wp\/v2\/users\/2"}],"replies":[{"embeddable":true,"href":"https:\/\/www.dataprivacy.hu\/index.php?rest_route=%2Fwp%2Fv2%2Fcomments&post=566"}],"version-history":[{"count":10,"href":"https:\/\/www.dataprivacy.hu\/index.php?rest_route=\/wp\/v2\/posts\/566\/revisions"}],"predecessor-version":[{"id":570,"href":"https:\/\/www.dataprivacy.hu\/index.php?rest_route=\/wp\/v2\/posts\/566\/revisions\/570"}],"wp:attachment":[{"href":"https:\/\/www.dataprivacy.hu\/index.php?rest_route=%2Fwp%2Fv2%2Fmedia&parent=566"}],"wp:term":[{"taxonomy":"category","embeddable":true,"href":"https:\/\/www.dataprivacy.hu\/index.php?rest_route=%2Fwp%2Fv2%2Fcategories&post=566"},{"taxonomy":"post_tag","embeddable":true,"href":"https:\/\/www.dataprivacy.hu\/index.php?rest_route=%2Fwp%2Fv2%2Ftags&post=566"}],"curies":[{"name":"wp","href":"https:\/\/api.w.org\/{rel}","templated":true}]}}