{"id":539,"date":"2011-04-17T19:24:06","date_gmt":"2011-04-17T17:24:06","guid":{"rendered":"http:\/\/www.dataprivacy.hu\/?p=539"},"modified":"2011-06-13T10:25:33","modified_gmt":"2011-06-13T08:25:33","slug":"allasfoglalas-az-okos-meresrol-wp-183","status":"publish","type":"post","link":"https:\/\/www.dataprivacy.hu\/?p=539","title":{"rendered":"\u00c1ll\u00e1sfoglal\u00e1s az okos m\u00e9r\u00e9sr\u0151l (WP 183)"},"content":{"rendered":"<p>A 29. cikk szerinti adatv\u00e9delmi munkacsoport 2011. \u00e1prilis 4. napj\u00e1n fogadta el a \u201eSmart metering\u201d, azaz Okos m\u00e9r\u00e9sr\u0151l sz\u00f3l\u00f3 <a href=\"http:\/\/ec.europa.eu\/justice\/policies\/privacy\/docs\/wpdocs\/2011\/wp183_en.pdf\">12\/2011. sz\u00e1m\u00fa \u00e1ll\u00e1sfoglal\u00e1s\u00e1t<\/a>.<\/p>\n<p>Az \u201eokos m\u00e9r\u00e9s\u201d az energiaszektoron bel\u00fcl intelligens fogyaszt\u00e1sm\u00e9r\u0151k alkalmaz\u00e1s\u00e1ra utal, melyeket villamos-, g\u00e1z- \u00e9s v\u00edzfogyaszt\u00e1s m\u00e9r\u00e9s\u00e9re alkalmaznak \u00e9s a hagyom\u00e1nyos m\u00e9r\u0151kh\u00f6z k\u00e9pest figyelik a pillanatnyi fogyaszt\u00e1st, a teljes fogyaszt\u00e1s alakul\u00e1s\u00e1t, tov\u00e1bb\u00e1 ez\u00e1ltal beazonos\u00edthat\u00f3v\u00e1 teszik az okos m\u00e9r\u0151k\u00e9sz\u00fcl\u00e9ket, illet\u0151leg ezen kereszt\u00fcl az adatalany fogyaszt\u00f3t is, ami az okos m\u00e9r\u0151k \u00fczemeltet\u00e9se vonatkoz\u00e1s\u00e1ban adatv\u00e9delmi k\u00f6vetelm\u00e9nyek k\u00f6telez\u0151 alkalmaz\u00e1s\u00e1t vonja maga ut\u00e1n. Az okos m\u00e9r\u00e9s a j\u00f6v\u0151 m\u00e9r\u00e9si m\u00f3dszere, ami amellett, hogy az elfogyasztott energia m\u00e9r\u00e9s\u00e9re illet\u0151leg a m\u00e9rt \u00e9rt\u00e9kek t\u00e1vleolvas\u00e1s\u00e1ra szolg\u00e1l, lehet\u0151v\u00e9 teszi azt, hogy az adatok sz\u00e1ll\u00edt\u00f3hoz t\u00f6rt\u00e9n\u0151 eljuttat\u00e1s\u00e1val az \u00fczemeltet\u00e9s, a beruh\u00e1z\u00e1sok, az energiatermel\u00e9s optimaliz\u00e1l\u00e1sa magasabb hat\u00e9konys\u00e1gon t\u00f6rt\u00e9njen. \u00cdgy lehet\u0151v\u00e9 teszi a fogyaszt\u00f3 r\u00e9sz\u00e9re az \u00f6nszab\u00e1lyoz\u00e1st, a fogyaszt\u00e1s optimaliz\u00e1l\u00e1s\u00e1t, sz\u00fcks\u00e9g eset\u00e9n annak \u00e1tcsoportos\u00edt\u00e1s\u00e1t kedvez\u0151bb id\u0151szakokra.<br \/>\n<!--more--><br \/>\nAz okos m\u00e9r\u00e9s k\u00f6z\u00f6ss\u00e9gi jogi alapja az energia-v\u00e9gfelhaszn\u00e1l\u00e1s hat\u00e9konys\u00e1g\u00e1r\u00f3l \u00e9s az energetikai szolg\u00e1ltat\u00e1sokr\u00f3l sz\u00f3l\u00f3 2006\/32\/EK sz\u00e1m\u00fa ir\u00e1nyelv, ami olyan m\u00e9r\u0151rendszert ir\u00e1nyoz el\u0151, amely alkalmas transzparens m\u00f3don t\u00e1mogatni a fogyaszt\u00f3kat az energiatakar\u00e9koss\u00e1gban \u00e9s amelyek el\u0151ir\u00e1nyozz\u00e1k az energiafelhaszn\u00e1l\u00e1s v\u00e9gfelhaszn\u00e1l\u00f3i hat\u00e9konys\u00e1g\u00e1nak n\u00f6vel\u00e9s\u00e9t.<\/p>\n<p>Magyarorsz\u00e1gon az okos m\u00e9r\u00e9s jelenleg m\u00e9g nem realit\u00e1s, ugyanis azt a tervek szerint csak 2014-t\u0151l kezdik bevezetni. A szab\u00e1lyoz\u00e1s el\u0151k\u00e9sz\u00fcleti munk\u00e1latai a Magyar Energiahivatal r\u00e9sz\u00e9r\u0151l jelenleg is <a href=\"http:\/\/www.eh.gov.hu\/home\/html\/index.asp?msid=9&amp;sid=0&amp;lng=1\">folyamatban vannak<\/a>. Tervek szerint 2020-ra az Eur\u00f3p\u00e1ban alkalmazott intelligens fogyaszt\u00e1sm\u00e9r\u0151k a fogyaszt\u00f3k 80%-\u00e1t fedn\u00e9 le.<\/p>\n<p>Az okos m\u00e9r\u00e9ssel kapcsolatos adatv\u00e9delmi k\u00e9rd\u00e9sek amiatt jelentkeznek, mert ezen intelligens m\u00e9r\u0151eszk\u00f6z\u00f6k szem\u00e9lyes adatok t\u00e1rol\u00e1s\u00e1ra, tov\u00e1bb\u00edt\u00e1s\u00e1ra \u00e9s elemz\u00e9s\u00e9re, illet\u0151leg profiloz\u00e1sra alkalmasak, melyek ez\u00e1ltal a mag\u00e1n\u00e9letbe t\u00f6rt\u00e9n\u0151 illet\u00e9ktelen beavatkoz\u00e1s vesz\u00e9ly\u00e9t hordozz\u00e1k magukba, a m\u00e9r\u0151t ugyanis nem csup\u00e1n m\u00e9r\u00e9sre, hanem haszn\u00e1lati szok\u00e1sok megfigyel\u00e9s\u00e9re is haszn\u00e1lj\u00e1k. A m\u00e9r\u0151 haszn\u00e1lat\u00e1nak k\u00e9ts\u00e9gtelen el\u0151nyei mellett &#8211; mint az alacsonyabb tarifa \/ illetve fogyaszt\u00e1si id\u0151szakok kihaszn\u00e1l\u00e1sa, illetve ipari oldalr\u00f3l a t\u00e1rol\u00e1si k\u00f6lts\u00e9gek cs\u00f6kkent\u00e9se &#8211; sz\u00fcks\u00e9ges a mag\u00e1n\u00e9let v\u00e9delm\u00e9nek garanci\u00e1it is megteremteni. Aj\u00e1nl\u00e1s\u00e1t az adatv\u00e9delmi munkacsoport emiatt bocs\u00e1jtotta ki.<\/p>\n<p>Az okos m\u00e9r\u00e9s sor\u00e1n k\u00fcl\u00f6n\u00f6sen olyan szem\u00e9lyes adatokat kezelhetnek, mint<\/p>\n<ul>\n<li>a \tm\u00e9r\u0151 egyedi azonos\u00edt\u00f3ja, illet\u0151leg ennek hi\u00e1ny\u00e1ban is annak \tegyedi energiahaszn\u00e1lati diagramja;<\/li>\n<li>a \tm\u00e9r\u0151 konfigur\u00e1ci\u00f3j\u00e1hoz tartoz\u00f3 metaadatok;<\/li>\n<li>a \ttov\u00e1bb\u00edtott \u00fczenet l\u00edr\u00e1sa, mint m\u00e9r\u00e9si eredm\u00e9ny vagy \u00e9ppen \ttiltott beavatkoz\u00e1s jelz\u00e9se;<\/li>\n<li>d\u00e1tum \t\u00e9s id\u0151b\u00e9lyeg;<\/li>\n<li>az \t\u00fczenet tartalma, ami lehet m\u00e9r\u00e9si eredm\u00e9ny, vesz\u00e9lyjelz\u00e9s, \th\u00e1l\u00f3zati \u00fczenetek \u00e9s haszn\u00e1lati diagram<\/li>\n<\/ul>\n<p>A fenti adatok m\u00e9r\u0151 egyedi azonos\u00edt\u00f3j\u00e1val t\u00f6rt\u00e9n\u0151 kombin\u00e1l\u00e1sa lehet\u0151v\u00e9 teszi a fogyaszt\u00f3 energiahaszn\u00e1lati profilj\u00e1nak megalkot\u00e1s\u00e1t, melyet a fogyaszt\u00f3 adatalanyt \u00e9rint\u0151 d\u00f6nt\u00e9sek meghozatal\u00e1hoz haszn\u00e1lhatnak fel, ami nem felt\u00e9tlen\u00fcl k\u00f6t\u0151dik kiz\u00e1r\u00f3lag a sz\u00e1ml\u00e1z\u00e1shoz.<\/p>\n<p>Az eur\u00f3pai adatv\u00e9delmi ir\u00e1nyelv az adatkezel\u0151re terheli az adatkezel\u00e9ssel kapcsolatos k\u00f6telezetts\u00e9geket, ez\u00e9rt l\u00e9nyeges az adatkezel\u0151 azonos\u00edt\u00e1sa az okos m\u00e9r\u0151 alkalmaz\u00e1sa szempontj\u00e1b\u00f3l. Ide tartozhatnak k\u00fcl\u00f6n\u00f6sen a k\u00f6z\u00fczemi szolg\u00e1ltat\u00f3k, h\u00e1l\u00f3zati enged\u00e9lyesek, szab\u00e1lyoz\u00f3 \u00e9s m\u00e1s korm\u00e1nyzati hat\u00f3s\u00e1gok, szolg\u00e1ltat\u00f3k. Ezen a szem\u00e9lyek kapcsolata bonyolult lehet \u00e9s att\u00f3l f\u00fcggnek, hogy egy adott tag\u00e1llam az okos m\u00e9r\u00e9s milyen jelleg\u0171 szab\u00e1lyoz\u00e1si modellj\u00e9t val\u00f3s\u00edtotta meg.<\/p>\n<p>Az okos m\u00e9r\u00e9sek eredm\u00e9ny\u00e9nek felhaszn\u00e1l\u00e1sa akkor lehets\u00e9ges, amennyiben annak ir\u00e1nyelv szerinti jogalapja biztos\u00edtott. A munkacsoport ebb\u0151l a szempontb\u00f3l \u00f6t potenci\u00e1lis jogalapot tudott azonos\u00edtani, melyek elt\u00e9r\u0151 szitu\u00e1ci\u00f3kban lehetnek ir\u00e1nyad\u00f3ak:<\/p>\n<ul>\n<li><em>\u00f6nk\u00e9ntes \thozz\u00e1j\u00e1rul\u00e1s<\/em>: \taz okos m\u00e9r\u00e9s t\u00f6bblet-szolg\u00e1ltat\u00e1s ny\u00fajt\u00e1s\u00e1t teszi lehet\u0151v\u00e9 \ta fogyaszt\u00f3 r\u00e9sz\u00e9re, \u00edgy k\u00fcl\u00f6n\u00f6sen energia-haszn\u00e1lati \ttan\u00e1csad\u00e1st, melyet harmadik szem\u00e9ly (szolg\u00e1ltat\u00f3) hozz\u00e1j\u00e1rul\u00e1s \talapj\u00e1n ny\u00fajthat.<\/li>\n<li><em>szerz\u0151d\u00e9s<\/em>en \talapul a sz\u00e1ml\u00e1z\u00e1s c\u00e9lj\u00e1b\u00f3l t\u00f6rt\u00e9n\u0151 adatkezel\u00e9s. Itt \tazonban l\u00e9nyeges, hogy ez a c\u00e9lhoz sz\u00fcks\u00e9ges leolvas\u00e1sra \tkorl\u00e1toz\u00f3djon, ugyanis egy\u00e9b esetben tov\u00e1bbi jogalapra is \tt\u00e1maszkodni sz\u00fcks\u00e9ges a vonatkoz\u00f3 adatkezel\u00e9s legitim\u00e1l\u00e1sa \t\u00e9rdek\u00e9ben.;<\/li>\n<li><em>k\u00f6z\u00e9rdek \tilletve hat\u00f3s\u00e1gi jogk\u00f6r gyakorl\u00e1sa<\/em>: \tegyes orsz\u00e1gokban a h\u00e1l\u00f3zati enged\u00e9lyes rendelkezhet ilyen \tfelhatalmaz\u00e1ssal;<\/li>\n<li><em>jogi \tk\u00f6telezetts\u00e9g teljes\u00edt\u00e9se: <\/em>ezt \tegyes tag\u00e1llami jogszab\u00e1lyok a m\u00e9r\u0151 telep\u00edt\u00e9s\u00e9vel \tkapcsolatosan szint\u00e9n a h\u00e1l\u00f3zati enged\u00e9lyesre telep\u00edthetik, \thogy ezzel \u00f6sszef\u00fcgg\u00e9sben adatot vegyenek fel;<\/li>\n<li><em>jogi \t\u00e9rdek<\/em>: \taz adatkezel\u0151 vagy m\u00e1s szem\u00e9ly jogos \u00e9rdeke alapj\u00e1n sz\u00fcks\u00e9ges \tlehet az adatkezel\u00e9s, felt\u00e9ve, hogy ez az adatalany jogait \u00e9s \tszabads\u00e1gait nem s\u00e9rti sz\u00fcks\u00e9gtelen\u00fcl \u00e9s ar\u00e1nytalanul \t(ir\u00e1nyelv 7. cikk (f)). Az adatv\u00e9delmi munkacsoport ebb\u0151l a \tszempontb\u00f3l kiemelte, hogy az energiasz\u00e1ll\u00edt\u00e1s \u00e9s fogyaszt\u00e1s \tt\u00e1rsadalmilag k\u00edv\u00e1natos hat\u00e9konys\u00e1ga \u2013 a munkacsoport \t\u00e1ll\u00e1spontja \u00e9s m\u00e9rlegel\u00e9se szerint \u2013 nem m\u00falja f\u00f6l\u00fcl az \tadatalany jogosults\u00e1gait alapjogai v\u00e9delm\u00e9re, enn\u00e9l fogva ezen \tjoglap nem alkalmazhat\u00f3 az adatkezel\u00e9s valamennyi f\u00e1zis\u00e1ra \tn\u00e9zve. Ebb\u0151l a szempontb\u00f3l k\u00fcl\u00f6n\u00f6s jelent\u0151s\u00e9ge van a \tmag\u00e1n\u00e9letbar\u00e1t technol\u00f3giai megold\u00e1sok (PET) alkalmaz\u00e1s\u00e1nak, \tillet\u0151leg annak, hogy r\u00e9szletes profilt e c\u00e9l \u00e9rdek\u00e9ben \tsz\u00fcks\u00e9gtelen\u00fcl \u00e9s ar\u00e1nytalanul nem alak\u00edtanak ki az egyes \tfogyaszt\u00f3kr\u00f3l. Egyes tag\u00e1llamokban ennek megfelel\u0151en l\u00e9tezik \u00e9s \tk\u00edv\u00e1natos is lehet az a megold\u00e1s, hogy a fogyaszt\u00f3 r\u00e9sz\u00e9re \ttiltakoz\u00e1si jogot biztos\u00edtanak az okos m\u00e9r\u0151 felszerel\u00e9s\u00e9vel \tszemben.<\/li>\n<\/ul>\n<p>Az adatv\u00e9delmi munkacsoport \u00e1ll\u00e1spontja szerint az okos m\u00e9r\u0151k eset\u00e9ben k\u00fcl\u00f6n\u00f6s figyelmet sz\u00fcks\u00e9ges szentelni a be\u00e9p\u00edtett adatv\u00e9delem (privacy by design) elv\u00e9nek, ami a kezelt adatok k\u00f6r\u00e9nek el\u0151zetes megtervez\u00e9s\u00e9t \u00e9s az adatminimaliz\u00e1l\u00e1st k\u00f6veteli meg. Az okos m\u00e9r\u0151k eset\u00e9n ez azt jelenti, hogy korl\u00e1tozni sz\u00fcks\u00e9ges a leolvasott adatok k\u00f6r\u00e9t \u00e9s azok gyakoris\u00e1g\u00e1t is. Ezt meghalad\u00f3an biztos\u00edtani sz\u00fcks\u00e9ges a kezelt szem\u00e9lyes adatok biztons\u00e1g\u00e1t, az adatalanyok inform\u00e1ci\u00f3s jogait, ami a szem\u00e9lyes adatokhoz adott hozz\u00e1j\u00e1rul\u00e1s \u00e9rv\u00e9nyess\u00e9g\u00e9nek szint\u00e9n felt\u00e9tele.<\/p>\n<p>A munkacsoport \u00e1ll\u00e1sfoglal\u00e1sa el\u00e9rhet\u0151 a k\u00f6vetkez\u0151 link alatt:<\/p>\n<p><a href=\"http:\/\/ec.europa.eu\/justice\/policies\/privacy\/docs\/wpdocs\/2011\/wp183_en.pdf\">http:\/\/ec.europa.eu\/justice\/policies\/privacy\/docs\/wpdocs\/2011\/wp183_en.pdf<\/a><\/p>\n","protected":false},"excerpt":{"rendered":"<p>A 29. cikk szerinti adatv\u00e9delmi munkacsoport 2011. \u00e1prilis 4. napj\u00e1n fogadta el a \u201eSmart metering\u201d, azaz Okos m\u00e9r\u00e9sr\u0151l sz\u00f3l\u00f3 12\/2011. sz\u00e1m\u00fa \u00e1ll\u00e1sfoglal\u00e1s\u00e1t. Az \u201eokos m\u00e9r\u00e9s\u201d az energiaszektoron bel\u00fcl intelligens fogyaszt\u00e1sm\u00e9r\u0151k alkalmaz\u00e1s\u00e1ra utal, melyeket villamos-, g\u00e1z- \u00e9s v\u00edzfogyaszt\u00e1s m\u00e9r\u00e9s\u00e9re alkalmaznak \u00e9s a hagyom\u00e1nyos m\u00e9r\u0151kh\u00f6z k\u00e9pest figyelik a pillanatnyi fogyaszt\u00e1st, a teljes fogyaszt\u00e1s alakul\u00e1s\u00e1t, tov\u00e1bb\u00e1 ez\u00e1ltal beazonos\u00edthat\u00f3v\u00e1 [&hellip;]<\/p>\n","protected":false},"author":2,"featured_media":0,"comment_status":"open","ping_status":"open","sticky":false,"template":"","format":"standard","meta":[],"categories":[51],"tags":[7,844,121,11,119,120,8],"_links":{"self":[{"href":"https:\/\/www.dataprivacy.hu\/index.php?rest_route=\/wp\/v2\/posts\/539"}],"collection":[{"href":"https:\/\/www.dataprivacy.hu\/index.php?rest_route=\/wp\/v2\/posts"}],"about":[{"href":"https:\/\/www.dataprivacy.hu\/index.php?rest_route=\/wp\/v2\/types\/post"}],"author":[{"embeddable":true,"href":"https:\/\/www.dataprivacy.hu\/index.php?rest_route=\/wp\/v2\/users\/2"}],"replies":[{"embeddable":true,"href":"https:\/\/www.dataprivacy.hu\/index.php?rest_route=%2Fwp%2Fv2%2Fcomments&post=539"}],"version-history":[{"count":6,"href":"https:\/\/www.dataprivacy.hu\/index.php?rest_route=\/wp\/v2\/posts\/539\/revisions"}],"predecessor-version":[{"id":598,"href":"https:\/\/www.dataprivacy.hu\/index.php?rest_route=\/wp\/v2\/posts\/539\/revisions\/598"}],"wp:attachment":[{"href":"https:\/\/www.dataprivacy.hu\/index.php?rest_route=%2Fwp%2Fv2%2Fmedia&parent=539"}],"wp:term":[{"taxonomy":"category","embeddable":true,"href":"https:\/\/www.dataprivacy.hu\/index.php?rest_route=%2Fwp%2Fv2%2Fcategories&post=539"},{"taxonomy":"post_tag","embeddable":true,"href":"https:\/\/www.dataprivacy.hu\/index.php?rest_route=%2Fwp%2Fv2%2Ftags&post=539"}],"curies":[{"name":"wp","href":"https:\/\/api.w.org\/{rel}","templated":true}]}}