{"id":1650,"date":"2018-08-06T17:58:16","date_gmt":"2018-08-06T15:58:16","guid":{"rendered":"http:\/\/www.dataprivacy.hu\/?p=1650"},"modified":"2018-08-06T19:23:26","modified_gmt":"2018-08-06T17:23:26","slug":"a-francia-jogba-is-atultettek-a-gdpr-vegrehajtasi-szabalyait","status":"publish","type":"post","link":"https:\/\/www.dataprivacy.hu\/?p=1650","title":{"rendered":"A francia GDPR v\u00e9grehajt\u00e1si jogszab\u00e1ly"},"content":{"rendered":"<p>Nemcsak Magyarorsz\u00e1g nem tudott id\u0151ben felk\u00e9sz\u00fclni a GDPR alkalmazand\u00f3v\u00e1 v\u00e1l\u00e1s\u00e1ra. Franciaorsz\u00e1gban j\u00faniusban kihirdett\u00e9k \u00e9s hat\u00e1lyba l\u00e9pett a <a href=\"https:\/\/www.legifrance.gouv.fr\/affichTexte.do?cidTexte=JORFTEXT000037085952\" rel=\"noopener\" target=\"_blank\">2018. j\u00fanius 20-i 2018-493. sz\u00e1m\u00fa t\u00f6rv\u00e9ny<\/a>, a francia adatv\u00e9delmi jogszab\u00e1ly m\u00f3dos\u00edt\u00e1sa. A jogszab\u00e1ly mind a GDPR, mind pedig a b\u0171n\u00fcgyi szem\u00e9lyes adatok szabad \u00e1raml\u00e1s\u00e1val kapcsolatos 680\/2016 EU Ir\u00e1nyelv \u00e1t\u00fcltet\u00e9s\u00e9r\u0151l rendelkezik.<\/p>\n<p>A francia t\u00f6rv\u00e9ny &#8211; a magyar jogszab\u00e1lyhoz hasonl\u00f3an &#8211; els\u0151sorban a GDPR nemzeti v\u00e9grehajt\u00e1s\u00e1val kapcsolatos rendelkez\u00e9seket tartalmazza. A francia adatv\u00e9delmi hat\u00f3s\u00e1g (CNIL) \u00e1ll\u00e1spontja szerint a nemzeti jogszab\u00e1lyok \u00e9s a GDPR harmoniz\u00e1ci\u00f3ja miatt v\u00e1rhat\u00f3an hat h\u00f3napon bel\u00fcl a francia adatv\u00e9delmi t\u00f6rv\u00e9ny novell\u00e1ja v\u00e1rhat\u00f3. Erre az elfogadott m\u00f3dos\u00edt\u00f3 t\u00f6rv\u00e9ny adott felhatalmaz\u00e1st a v\u00e9grehajt\u00f3 hatalom sz\u00e1m\u00e1ra, hogy Parlamenti vita n\u00e9lk\u00fcl elv\u00e9gezhesse (<a href=\"https:\/\/www.cnil.fr\/fr\/entree-en-vigueur-de-la-nouvelle-loi-informatique-et-libertes\" rel=\"noopener\" target=\"_blank\">forr\u00e1s<\/a>).<br \/>\n<!--more--><\/p>\n<p>A CNIL honlapj\u00e1n k\u00f6zz\u00e9tett t\u00e1j\u00e9koztat\u00e1s szerint ugyanakkor a m\u00f3dos\u00edt\u00e1s miatt a francia adatv\u00e9delmi t\u00f6rv\u00e9ny (i) egyes rendelkez\u00e9sei ugyan formailag v\u00e1ltozatlanok, de m\u00e9gsem alkalmazhat\u00f3k a GDPR hat\u00e1lya alatt, (ii) a m\u00f3dos\u00edt\u00e1ssal sem teljes a jogszab\u00e1ly, mivel t\u00f6bb, GDPR-ral kapcsolatos rendelkez\u00e9st nem \u00fcltetett \u00e1t (pl. adathordozhat\u00f3s\u00e1ghoz val\u00f3 jog, adatv\u00e9delmi hat\u00e1svizsg\u00e1latok elv\u00e9gz\u00e9s\u00e9nek k\u00f6telezetts\u00e9ge), illetve (iii) a tengerent\u00fali ter\u00fcletek eset\u00e9ben elt\u00e9r\u0151 hat\u00e1llyal rendelkezik a nemzeti jogszab\u00e1ly (forr\u00e1s: https:\/\/www.cnil.fr\/fr\/loi-78-17-du-6-janvier-1978-modifiee).<\/p>\n<p>A f\u0151bb m\u00f3dos\u00edt\u00e1sok a francia adatv\u00e9delmi t\u00f6rv\u00e9nyben:<\/p>\n<ul>\n<li> A francia nemzeti adatv\u00e9delmi szab\u00e1lyok alkalmazand\u00f3k, ha az \u00e9rintett Franciaorsz\u00e1gban tart\u00f3zkodik. Viszont, ha az adatkezel\u0151 nem honos Franciaorsz\u00e1gban, \u00fagy a honoss\u00e1g szerinti adatv\u00e9delmi jogszab\u00e1lyt is alkalmazni kell. Franciaorsz\u00e1g ter\u00fclet\u00e9n, m\u00e1s tag\u00e1llam adatv\u00e9delmi hat\u00f3s\u00e1ga \u00e1ltal v\u00e9gzett vizsg\u00e1latok sor\u00e1n a CNIL \u00fcgyn\u00f6kei is jelen lesznek.<\/li>\n<li> A m\u00f3dos\u00edt\u00e1s kiterjeszti a CNIL feladatk\u00f6r\u00e9t a megfelel\u00e9st \u00e9s kock\u00e1zatelemz\u00e9sek elv\u00e9gz\u00e9s\u00e9t seg\u00edt\u0151 eszk\u00f6z\u00f6k, ir\u00e1nymutat\u00e1sok \u00e9s aj\u00e1nl\u00e1sok k\u00f6zz\u00e9t\u00e9tel\u00e9vel kapcsolatban;<\/li>\n<li> A CNIL munkat\u00e1rsainak \u00e9s \u00fcgyn\u00f6keinek lehet\u0151s\u00e9ge van a vizsg\u00e1lataik elv\u00e9gz\u00e9s\u00e9hez adatokr\u00f3l m\u00e1solatot k\u00e9rni, eszk\u00f6z\u00f6kh\u00f6z \u00e9s az adatokhoz hozz\u00e1f\u00e9r\u00e9st kapni, amelynek korl\u00e1tja a hivat\u00e1sbeli titok meg\u0151rz\u00e9se (\u00fcgyv\u00e9di, \u00fajs\u00e1g\u00edr\u00f3i \u00e9s<br \/>\n         orvosi titok); A legfontosabb viszont, hogy ezen fel\u00fcl fed\u0151n\u00e9v alatt b\u00e1rmilyen online tranzakci\u00f3t v\u00e9grehajthatnak a vizsg\u00e1latukhoz, amelynek az eredm\u00e9ny\u00e9t szint\u00e9n fel is haszn\u00e1lhatj\u00e1k. Term\u00e9szetesen ennek korl\u00e1tja, hogy<br \/>\n         b\u0171ncselekm\u00e9nyt nem k\u00f6vethetnek el;<\/li>\n<li> A m\u00f3dos\u00edt\u00e1s sz\u00e9les\u00edtette a CNIL \u00e1ltal alkalmazhat\u00f3 int\u00e9zked\u00e9seket \u00e9s szankci\u00f3kat; a szankci\u00f3k k\u00f6re b\u0151v\u00fclt, \u00edgy a CNIL Szankci\u00f3s Bizotts\u00e1ga ak\u00e1r napi 100 000 EUR b\u00fcntet\u00e9st is kiszabhat a GDPR szankci\u00f3i, illetve az id\u0151szakos<br \/>\n         vagy v\u00e9gleges adatkezel\u00e9st\u0151l eltilt\u00e1s, az adatv\u00e9delmi min\u0151s\u00edt\u00e9s, a harmadik orsz\u00e1gba t\u00f6rt\u00e9n\u0151 adattov\u00e1bb\u00edt\u00e1s megtilt\u00e1sa vagy a k\u00f6telez\u0151 erej\u0171 v\u00e1llalati szab\u00e1lyok j\u00f3v\u00e1hagy\u00e1s\u00e1nak visszavon\u00e1sa mellett.<\/li>\n<li> F\u0151 szab\u00e1ly szerint a francia jogban is tilos a k\u00fcl\u00f6nleges szem\u00e9lyes adatok kateg\u00f3ri\u00e1inak kezel\u00e9se \u00e9s az adatkezel\u00e9sekkel kapcsolatban els\u0151bbs\u00e9get kapnak az adatv\u00e9delmi hat\u00e1svizsg\u00e1latok;  a nemzeti azonos\u00edt\u00f3 sz\u00e1mok, illetve az<br \/>\n         eg\u00e9szs\u00e9g\u00fcgyi szem\u00e9lyes adatok kezel\u00e9se tov\u00e1bbra is k\u00f6t\u00f6ttebb int\u00e9zked\u00e9seket ig\u00e9nyel;<\/li>\n<li> A m\u00f3dos\u00edt\u00e1s a b\u00edr\u00f3s\u00e1gi hat\u00e1rozatokban szerepl\u0151 szem\u00e9lyes adatok \u00fajra feldolgozhat\u00f3s\u00e1g\u00e1t t\u00e1mogat\u00f3 szab\u00e1lyokat tartalmaz, lehet\u0151v\u00e9 t\u00e9ve azok kezel\u00e9s\u00e9t az \u00e9rintettek jogainak s\u00e9relme n\u00e9lk\u00fcl;<\/li>\n<li> A hozz\u00e1j\u00e1rul\u00e1si korhat\u00e1r 15 \u00e9v lesz;<\/li>\n<li> A m\u00f3dos\u00edt\u00e1s sz\u00e9les\u00edti a k\u00f6z\u00e9rdek\u0171 keresetek megind\u00edt\u00e1s\u00e1nak lehet\u0151s\u00e9g\u00e9t, valamint <\/li>\n<li> A CNIL kezdem\u00e9nyez\u00e9s\u00e9re a francia legfels\u0151 k\u00f6zigazgat\u00e1si b\u00edr\u00f3s\u00e1g (Conseil d\u2019\u00c9tat) \u00e1tmenetileg felf\u00fcggesztheti az adatkezel\u0151n\u00e9l a nemzetk\u00f6zi adattov\u00e1bb\u00edt\u00e1sokat.<\/li>\n<p>(forr\u00e1sok <a href=\"https:\/\/iapp.org\/news\/a\/analysis-frances-gdpr-implementation-law\/\" rel=\"noopener\" target=\"_blank\">itt<\/a> \u00e9s <a href=\"https:\/\/www.legifrance.gouv.fr\/affichTexte.do?cidTexte=JORFTEXT000000886460#LEGISCTA000006095899\" rel=\"noopener\" target=\"_blank\">itt<\/a>)\n<\/ul>\n<p>Hasonl\u00f3 a francia \u00e9s a magyar jogalkot\u00f3 megk\u00f6zel\u00edt\u00e9se a GDPR nemzeti v\u00e9grehajt\u00e1s\u00e1val kapcsolatban azzal, hogy a francia jogszab\u00e1ly kifejezett felhatalmaz\u00e1st tartalmaz a k\u00e9s\u0151bbi m\u00f3dos\u00edt\u00e1sokra, amelyek a CNIL szerint sz\u00fcks\u00e9gesek a nemzeti jogszab\u00e1lyi koherencia megteremt\u00e9se \u00e9s egy r\u00e9gi jogszab\u00e1ly teljes fel\u00fclvizsg\u00e1lata \u00e9rdek\u00e9ben.<\/p>\n","protected":false},"excerpt":{"rendered":"<p>Nemcsak Magyarorsz\u00e1g nem tudott id\u0151ben felk\u00e9sz\u00fclni a GDPR alkalmazand\u00f3v\u00e1 v\u00e1l\u00e1s\u00e1ra. Franciaorsz\u00e1gban j\u00faniusban kihirdett\u00e9k \u00e9s hat\u00e1lyba l\u00e9pett a 2018. j\u00fanius 20-i 2018-493. sz\u00e1m\u00fa t\u00f6rv\u00e9ny, a francia adatv\u00e9delmi jogszab\u00e1ly m\u00f3dos\u00edt\u00e1sa. A jogszab\u00e1ly mind a GDPR, mind pedig a b\u0171n\u00fcgyi szem\u00e9lyes adatok szabad \u00e1raml\u00e1s\u00e1val kapcsolatos 680\/2016 EU Ir\u00e1nyelv \u00e1t\u00fcltet\u00e9s\u00e9r\u0151l rendelkezik. A francia t\u00f6rv\u00e9ny &#8211; a magyar jogszab\u00e1lyhoz hasonl\u00f3an [&hellip;]<\/p>\n","protected":false},"author":1,"featured_media":0,"comment_status":"closed","ping_status":"open","sticky":true,"template":"","format":"standard","meta":[],"categories":[51,900,770,39],"tags":[882,930,934,932,890,936],"_links":{"self":[{"href":"https:\/\/www.dataprivacy.hu\/index.php?rest_route=\/wp\/v2\/posts\/1650"}],"collection":[{"href":"https:\/\/www.dataprivacy.hu\/index.php?rest_route=\/wp\/v2\/posts"}],"about":[{"href":"https:\/\/www.dataprivacy.hu\/index.php?rest_route=\/wp\/v2\/types\/post"}],"author":[{"embeddable":true,"href":"https:\/\/www.dataprivacy.hu\/index.php?rest_route=\/wp\/v2\/users\/1"}],"replies":[{"embeddable":true,"href":"https:\/\/www.dataprivacy.hu\/index.php?rest_route=%2Fwp%2Fv2%2Fcomments&post=1650"}],"version-history":[{"count":9,"href":"https:\/\/www.dataprivacy.hu\/index.php?rest_route=\/wp\/v2\/posts\/1650\/revisions"}],"predecessor-version":[{"id":1659,"href":"https:\/\/www.dataprivacy.hu\/index.php?rest_route=\/wp\/v2\/posts\/1650\/revisions\/1659"}],"wp:attachment":[{"href":"https:\/\/www.dataprivacy.hu\/index.php?rest_route=%2Fwp%2Fv2%2Fmedia&parent=1650"}],"wp:term":[{"taxonomy":"category","embeddable":true,"href":"https:\/\/www.dataprivacy.hu\/index.php?rest_route=%2Fwp%2Fv2%2Fcategories&post=1650"},{"taxonomy":"post_tag","embeddable":true,"href":"https:\/\/www.dataprivacy.hu\/index.php?rest_route=%2Fwp%2Fv2%2Ftags&post=1650"}],"curies":[{"name":"wp","href":"https:\/\/api.w.org\/{rel}","templated":true}]}}