{"id":1399,"date":"2015-06-30T23:18:10","date_gmt":"2015-06-30T21:18:10","guid":{"rendered":"http:\/\/www.dataprivacy.hu\/?p=1399"},"modified":"2015-10-11T16:57:15","modified_gmt":"2015-10-11T14:57:15","slug":"12015-szamu-munkacsoporti-velemeny-a-dronokkal-kapcsolatos-adatkezelesrol-wp-231","status":"publish","type":"post","link":"https:\/\/www.dataprivacy.hu\/?p=1399","title":{"rendered":"1\/2015 sz\u00e1m\u00fa munkacsoporti v\u00e9lem\u00e9ny a dr\u00f3nokkal kapcsolatos adatkezel\u00e9sr\u0151l (WP 231)"},"content":{"rendered":"<p>A 29.cikk szerinti adatv\u00e9delmi munkacsoport <a href=\"http:\/\/ec.europa.eu\/justice\/data-protection\/article-29\/documentation\/opinion-recommendation\/files\/2015\/wp231_en.pdf\" target=\"_blank\">01\/2015 sz\u00e1m alatt v\u00e9lem\u00e9nyt<\/a> fogadott el a dr\u00f3nok hasznos\u00edt\u00e1s\u00e1val kapcsolatos adatkezel\u00e9sr\u0151l. Az aj\u00e1nl\u00e1s k\u00fcl\u00f6nlegess\u00e9g\u00e9t adja, hogy a magyar adatv\u00e9delmi hat\u00f3s\u00e1g 2014. november\u00e9ben maga is <a href=\"http:\/\/www.naih.hu\/files\/ajanlas_dronok_vegleges_www1.pdf\" target=\"_blank\">aj\u00e1nl\u00e1st <\/a>fogadott el ugyanebben a t\u00e9m\u00e1ban (melyet a munkacsoporti v\u00e9lem\u00e9ny k\u00f6vet), illet\u0151leg 2015. febru\u00e1rj\u00e1ban a NAIH adott otthont egy nemzetk\u00f6zi <a href=\"http:\/\/droneconference.hu\/\" target=\"_blank\">dr\u00f3n-konferenci\u00e1nak<\/a> is.<\/p>\n<p>T\u00e1vir\u00e1ny\u00edt\u00e1s\u00fa rep\u00fcl\u0151g\u00e9p rendszerek (Remotely Piloted Aircraft Systems, RPAS), illet\u0151leg a pil\u00f3ta n\u00e9lk\u00fcli l\u00e9gi j\u00e1rm\u0171 rendszerek (Unmanned Aerial Systems, UAS) a civil rep\u00fcl\u00e9s egyik legdinamikusabban fejl\u0151d\u0151 \u00e1g\u00e1nak min\u0151s\u00fclnek. A leg\u00edg\u00e9retesebb felhaszn\u00e1l\u00e1si ter\u00fcletnek az infrastrukt\u00fara fel\u00fcgyelet \u00e9s a f\u00e9nyk\u00e9pez\u00e9s min\u0151s\u00fcl. (L\u00e1sd <a href=\"http:\/\/ec.europa.eu\/transport\/modes\/air\/doc\/com%282014%29207_hu.pdf\" target=\"_blank\">COM(2014) 207 final<\/a>) A legt\u00f6bb orsz\u00e1gban mindazon\u00e1ltal teljess\u00e9ggel hi\u00e1nyzik a szab\u00e1lyoz\u00e1s, melynek Eur\u00f3pai Rep\u00fcl\u00e9sbiztons\u00e1gi \u00dcgyn\u00f6ks\u00e9g k\u00f6zrem\u0171k\u00f6d\u00e9s\u00e9vel val\u00f3 megval\u00f3s\u00edt\u00e1s\u00e1t t\u00e1mogatja a 29. cikk szerinti munkacsoport.<\/p>\n<p>A munkacsoport mindenekel\u0151tt elismeri a dr\u00f3nok felhaszn\u00e1l\u00e1s\u00e1nak t\u00e1rsadalmi \u00e9s gazdas\u00e1gi hasznoss\u00e1g\u00e1t, mindazon\u00e1ltal fontosnak tartja megvil\u00e1g\u00edtani e technol\u00f3gia potenci\u00e1lis, adatv\u00e9delmet vesz\u00e9lyeztet\u0151 kock\u00e1zataira, ami a dr\u00f3nok t\u00f6meges, korl\u00e1tlan felhaszn\u00e1l\u00e1sra jelenthet. A munkacsoport v\u00e9lem\u00e9nye ezen kih\u00edv\u00e1sokra k\u00eds\u00e9rel meg v\u00e1laszt adni.<\/p>\n<p>A munkacsoport kifejti, hogy sz\u00e1mos dr\u00f3n l\u00e9tezik, azonban ezek k\u00f6z\u00fcl a szenzorokkal, adatfeldolgoz\u00e1si eszk\u00f6z\u00f6kkel felszerelt \u2013 k\u00fcl\u00f6n\u00f6sen vide\u00f3 \u00e9s hangr\u00f6gz\u00edt\u00e9si k\u00e9pess\u00e9ggel ell\u00e1tott \u2013 berendez\u00e9sek k\u00e9pesek a mag\u00e1n\u00e9let megzavar\u00e1s\u00e1ra, amelyek ez\u00e1ltal kock\u00e1zatot jelenthetnek a mag\u00e1n\u00e9letre, melyek ez\u00e1ltal az adatv\u00e9delmi jogszab\u00e1lyok hat\u00e1lya al\u00e1 tartoznak. Ezen berendez\u00e9sek adatv\u00e9delmi kock\u00e1zat\u00e1t az adja, hogy<br \/>\n&#8211; a f\u00f6ldr\u0151l nehezen felismerhet\u0151ek, nehezen l\u00e1that\u00f3ak (pl. ak\u00e1r mikro m\u00e9ret\u0171ek lehetnek), illet\u0151leg az adatalany \u00e1ltal nem azonos\u00edthat\u00f3ak, hogy milyen adatok kezel\u00e9s\u00e9t v\u00e9gzik \u00e1ltaluk;<br \/>\n&#8211; akad\u00e1lytalanul, minden terept\u00e1rgyon \u00e1tjuthatnak, bel\u00e1thatnak ak\u00e1r mag\u00e1nter\u00fcletre is;<br \/>\n&#8211; k\u00f6zvetlen l\u00e1that\u00f3s\u00e1g n\u00e9lk\u00fcl is k\u00e9pesek adatot r\u00f6gz\u00edteni, ak\u00e1r hossz\u00fa id\u0151tartamon kereszt\u00fcl, folyamatosan, beavatkoz\u00e1s n\u00e9lk\u00fcl;<br \/>\n&#8211; t\u00f6bb dr\u00f3n egy\u00fcttesen (\u00f6sszekapcsolt rajban alkalmazva) nagy ter\u00fclet koordin\u00e1lt megfigyel\u00e9s\u00e9re is alkalmas lehet.<\/p>\n<p>A fentiek azt eredm\u00e9nyezik, hogy a dr\u00f3nok felhaszn\u00e1lhat\u00f3ak titkos megfigyel\u00e9sre, ami mag\u00e1n\u00e9letbe, illet\u0151leg mag\u00e1nszf\u00e9r\u00e1ba k\u00fcl\u00f6n\u00f6sen beavatkoz\u00f3 technik\u00e1v\u00e1 teheti ezen eszk\u00f6z alkalmaz\u00e1s\u00e1t. A munkacsoport szerint a dr\u00f3nok t\u00e1rsadalmi elfogadotts\u00e1g\u00e1t n\u00f6velheti az adatv\u00e9delmi jogszab\u00e1lyok betart\u00e1sa.<\/p>\n<p>Az ir\u00e1nyad\u00f3 jogszab\u00e1lyok tekintet\u00e9ben a munkacsoport az adatv\u00e9delmi ir\u00e1nyelvre, az elektronikus h\u00edrk\u00f6zl\u00e9si adatv\u00e9delmi ir\u00e1nyelvre (2002\/58\/EK, felt\u00e9ve, hogy a dr\u00f3nt elektronikus h\u00edrk\u00f6zl\u00e9si szolg\u00e1ltat\u00e1s keret\u00e9ben haszn\u00e1lj\u00e1k), illet\u0151leg a z\u00e1rt l\u00e1nc\u00fa kamerarendszerekre ir\u00e1nyad\u00f3 szab\u00e1lyok ir\u00e1nyad\u00f3 volt\u00e1ra utalt, felt\u00e9ve, hogy a dr\u00f3nokat ilyen kamer\u00e1s megfigyel\u00e9s c\u00e9lj\u00e1b\u00f3l haszn\u00e1lj\u00e1k fel.<\/p>\n<p>A munkacsoport nem tesz k\u00fcl\u00f6nbs\u00e9get t\u00e1vir\u00e1ny\u00edt\u00e1s\u00fa, illet\u0151leg pil\u00f3ta n\u00e9lk\u00fcli automatiz\u00e1lt rendszerek k\u00f6z\u00f6tt, mivel a munkacsoport szerint adatv\u00e9delmi szempontb\u00f3l ezek k\u00f6z\u00f6tt nincs k\u00fcl\u00f6n\u00f6sebb k\u00fcl\u00f6nbs\u00e9g.<\/p>\n<p>A munkacsoport \u00e1ll\u00e1spontja szerint a dr\u00f3n haszn\u00e1lata adott esetben a h\u00e1ztart\u00e1si adatkezel\u00e9si kiv\u00e9tel l\u00e1 eshet, mikor term\u00e9szetes szem\u00e9lynek a kiz\u00e1r\u00f3lag saj\u00e1t szem\u00e9lyes, illet\u0151leg csal\u00e1di c\u00e9ljait szolg\u00e1lja az adatkezel\u00e9s, mindazon\u00e1ltal ezeket a kateg\u00f3ri\u00e1kat az EUB gyakorlata szerint sz\u0171ken sz\u00fcks\u00e9ges \u00e9rtelmezni. Ennek megfelel\u0151en az internetes publik\u00e1ci\u00f3 (l\u00e1sd C-101\/01, Bodil Lindqvist \u00fcgy 47. sarokpontja), illet\u0151leg ha az adatkezel\u00e9s (legal\u00e1bb r\u00e9szlegesen) k\u00f6zter\u00fcletre ir\u00e1nyul\u00f3 \u00e1lland\u00f3 felv\u00e9tel k\u00e9sz\u00edt\u00e9s\u00e9t foglalja mag\u00e1ba, \u00fagy az nem tekinthet\u0151 a h\u00e1ztart\u00e1si adatkezel\u00e9si kiv\u00e9tel hat\u00e1lya al\u00e1 tartoz\u00f3nak (v\u00f6. C-212\/13, Franti\u0161ek Ryne\u0161 v \u00da\u0159ad pro ochranu osobn\u00edch \u00fadaj\u016f 33. sarokpontj\u00e1t).<\/p>\n<p>A dr\u00f3nok \u00fajs\u00e1g\u00edr\u00e1s, illet\u0151leg irodalmi kifejez\u00e9s szabads\u00e1ga c\u00e9lj\u00e1b\u00f3l t\u00f6rt\u00e9n\u0151 haszn\u00e1lata szint\u00e9n kiv\u00e9telek hat\u00e1lya al\u00e1 tartozhat, melyet az ir\u00e1nyelv 9. cikke tesz lehet\u0151v\u00e9, mindazon\u00e1ltal ezek korl\u00e1tj\u00e1t jelenti, hogy ezek gyakorl\u00e1s\u00e1nak \u00f6sszeegyeztethet\u0151nek kell lenni\u00fck egyr\u00e9szr\u0151l a mag\u00e1n\u00e9let tiszteletben tart\u00e1s\u00e1hoz val\u00f3 joggal, illet\u0151leg m\u00e1sr\u00e9szr\u0151l a sz\u00f3l\u00e1sszabads\u00e1gra vonatkoz\u00f3 szab\u00e1lyokkal. E mindenkori kiv\u00e9telszab\u00e1lyoknak a munkacsoport szerint figyelembe kell venni\u00fck a mag\u00e1n\u00e9let, illet\u0151leg a k\u00f6zl\u00e9sek bizalmass\u00e1g\u00e1nak megtart\u00e1s\u00e1ra vonatkoz\u00f3 szab\u00e1lyokat, ide\u00e9rtve azt is, ha esetlegesen k\u00f6zter\u00fcleten enged\u00e9lyezik a dr\u00f3nok haszn\u00e1lat\u00e1t.<\/p>\n<p>A munkacsoport ezt meghalad\u00f3an foglalkozik a dr\u00f3nok b\u0171n\u00fcld\u00f6z\u00e9si c\u00e9l\u00fa felhaszn\u00e1l\u00e1s\u00e1val, mellyel kapcsolatosan a munkacsoport a kor\u00e1bban k\u00f6zz\u00e9tett 01\/2014 sz\u00e1m\u00fa v\u00e9lem\u00e9ny\u00e9be foglalt meg\u00e1llap\u00edt\u00e1sokra utal.<\/p>\n<p>A dr\u00f3nok civil szf\u00e9r\u00e1ban t\u00f6rt\u00e9n\u0151 alkalmaz\u00e1sa a munkacsoport \u00e1ll\u00e1spontja szerint a k\u00f6vetkez\u0151 <em>jogalapok<\/em> ig\u00e9nybe v\u00e9tel\u00e9vel t\u00f6rt\u00e9nhet:<br \/>\n&#8211; <em>hozz\u00e1j\u00e1rul\u00e1s (7. cikk a) pontja)<\/em> \u2013 a munkacsoport szerint a hozz\u00e1j\u00e1rul\u00e1s nem t\u0171nik megfelel\u0151 jogalapnak, ugyanis alaposan feltehet\u0151en nem biztos\u00edthat\u00f3 az \u00f6nk\u00e9ntess\u00e9g, t\u00e1j\u00e9kozotts\u00e1g, illet\u0151leg kifejezetts\u00e9g felt\u00e9tele sem. Nem z\u00e1rhat\u00f3 ki mindazon\u00e1ltal, hogy valamely z\u00e1rt rendezv\u00e9ny minden r\u00e9sztvev\u0151je \u00f6nk\u00e9ntes hozz\u00e1j\u00e1rul\u00e1st adjon egy dr\u00f3n haszn\u00e1lat\u00e1val kapcsolatos adatkezel\u00e9shez.<br \/>\n&#8211;<em> adatalannyal megk\u00f6t\u00f6tt szerz\u0151d\u00e9s teljes\u00edt\u00e9se (7. cikk b) pontja)<\/em> \u2013 ez szint\u00e9n megfelel\u0151 jogalap lehet, ha p\u00e9ld\u00e1ul egy t\u00e1rsas\u00e1g szerz\u0151d\u00e9s alapj\u00e1n figyeli meg kamer\u00e1s dr\u00f3n ig\u00e9nybev\u00e9tel\u00e9vel az adatalany ter\u00fclet\u00e9t, mindazon\u00e1ltal harmadik szem\u00e9lyek (k\u00edv\u00fcl\u00e1ll\u00f3k) szem\u00e9lyes adatainak kezel\u00e9s\u00e9t ez a jogalap nem teszi lehet\u0151v\u00e9.<br \/>\n&#8211;<em> jogszab\u00e1lyi k\u00f6telezetts\u00e9g vagy k\u00f6z\u00e9rdek\u0171 feladat ell\u00e1t\u00e1sa, illet\u0151leg hat\u00e1sk\u00f6r gyakorl\u00e1sa (7. cikk c) \u00e9s e) pontja)<\/em> szint\u00e9n jogalapot adhat adatkezel\u00e9sre, felt\u00e9ve, hogy arr\u00f3l jogszab\u00e1ly kifejezetten rendelkezik;<br \/>\n&#8211; <em>adatalany l\u00e9tfontoss\u00e1g\u00fa \u00e9rdekei v\u00e9delm\u00e9hez sz\u00fcks\u00e9ges adatkezel\u00e9s (7. cikk d) pontja)<\/em> \u2013 szint\u00e9n megfelel\u0151 alapot jelenthet (pl. ment\u00e9si munk\u00e1latok v\u00e9gz\u00e9se sor\u00e1n), mindazon\u00e1ltal ezt a jogalapot is sz\u0171ken sz\u00fcks\u00e9ges \u00e9rtelmezni, illet\u0151leg megfontoland\u00f3, hogy m\u00e1s jogalap alkalmaz\u00e1sa nem-e megfelel\u0151bb;<br \/>\n&#8211; <em>7. cikk f) pontja szerinti jogos \u00e9rdek teszt<\/em> is alkalmazhat\u00f3 lehet, felt\u00e9ve, hogy ezek a jogszer\u0171 \u00e9rdekek magasabb rend\u0171ek, mint az \u00e9rintett \u00e9rdekei, illet\u0151leg alapvet\u0151 jogai vagy szabads\u00e1gai, felt\u00e9ve, hogy ezt megfelel\u0151 t\u00f6bbletgaranci\u00e1kkal biztos\u00edtj\u00e1k.<\/p>\n<p>A munkacsoport kifejti, hogy a szem\u00e9lyes adatokat c\u00e9lhoz k\u00f6t\u00f6tten, illet\u0151leg csak abb\u00f3l a c\u00e9lb\u00f3l lehet kezelni, amely (eredeti) c\u00e9lb\u00f3l azokat r\u00f6gz\u00edtett\u00e9k. Az eredetit\u0151l elt\u00e9r\u0151 c\u00e9lb\u00f3l t\u00f6rt\u00e9n\u0151 adatkezel\u00e9snek \u00f6n\u00e1ll\u00f3 adatkezel\u00e9si jogalappal kell rendelkeznie, illet\u0151leg csak esetileg d\u00f6nthet\u0151 el, hogy a c\u00e9l esetleges m\u00f3dosul\u00e1sa szint\u00e9n megfelel-e c\u00e9lhoz k\u00f6t\u00f6tts\u00e9g k\u00f6vetelm\u00e9ny\u00e9nek.<\/p>\n<p>A munkacsoport felh\u00edvja a figyelmet az adatv\u00e9delmi alapelvek k\u00f6z\u00fcl a sz\u00fcks\u00e9gess\u00e9g, ar\u00e1nyoss\u00e1g, adatminimaliz\u00e1l\u00e1s sz\u00fcks\u00e9gess\u00e9g\u00e9re illet\u0151leg arra, hogy az adatok a c\u00e9l megval\u00f3sul\u00e1s\u00e1hoz sz\u00fcks\u00e9ges m\u00e9rt\u00e9kben \u00e9s ideig kezelhet\u0151k, azoknak naprak\u00e9sznek kell lenni\u00fck. Az adattakar\u00e9koss\u00e1g elve a megfelel\u0151 adatfeldolgoz\u00e1si technol\u00f3gia megv\u00e1laszt\u00e1s\u00e1val is el\u00e9rhet\u0151, \u00edgy min\u00e9l kevesebb adat gy\u0171jt\u00e9s\u00e9vel, illet\u0151leg olyan mag\u00e1n\u00e9letbar\u00e1t adatkezel\u00e9si technika v\u00e1laszt\u00e1s\u00e1val, ami anonimiz\u00e1l\u00e1st (kitakar\u00e1st, elhom\u00e1lyos\u00edt\u00e1st) v\u00e9gez. Ezzel \u00f6sszef\u00fcgg\u00e9sben a munkacsoport a gy\u00e1rt\u00f3k r\u00e9sz\u00e9re a be\u00e9p\u00edtett adatv\u00e9delem elv\u00e9nek eg\u00e9sz dr\u00f3n \u00e9letciklus\u00e1n kereszt\u00fcl t\u00f6rt\u00e9n\u0151 \u00e9rv\u00e9nyes\u00edt\u00e9s\u00e9t javasolja, ide\u00e9rtve k\u00fcl\u00f6n\u00f6sen adatv\u00e9delmi kock\u00e1zatelemz\u00e9s elv\u00e9gz\u00e9s\u00e9t a potenci\u00e1lis adatv\u00e9delmi kock\u00e1zatok azonos\u00edt\u00e1sa \u00e9rdek\u00e9ben, melyet k\u00fcl\u00f6n\u00f6sen megfigyel\u00e9sre \u00e9s felv\u00e9telk\u00e9sz\u00edt\u00e9sre alkalmas dr\u00f3nok eset\u00e9n javasol alkalmazni a munkacsoport.<\/p>\n<p>Az <em>adatalanyok t\u00e1j\u00e9koztat\u00e1sa<\/em> szint\u00e9n l\u00e9nyeges k\u00f6r\u00fclm\u00e9ny, mindazon\u00e1ltal elismeri a munkacsoport, hogy annak megval\u00f3s\u00edt\u00e1sa praktikus akad\u00e1lyokba \u00fctk\u00f6zhet. Enn\u00e9l fogva munkacsoport egyidej\u0171leg t\u00f6bb csatorna \u00fatj\u00e1n t\u00f6rt\u00e9n\u0151 t\u00e1j\u00e9koztat\u00e1st javasol, p\u00e9ld\u00e1ul bej\u00e1rat, plak\u00e1tok, piktogramok \u00fatj\u00e1n. Megfontoland\u00f3 tov\u00e1bb\u00e1 a dr\u00f3n l\u00e1that\u00f3s\u00e1g\u00e1nak n\u00f6vel\u00e9se f\u00e9nyjelek, villog\u00e1s vagy egy\u00e9b l\u00e1that\u00f3s\u00e1gi int\u00e9zked\u00e9s \u00fatj\u00e1n. A munkacsoport legjobb gyakorlatk\u00e9nt a weboldalon, m\u00e1s dedik\u00e1lt helyeken, illet\u0151leg sz\u00fcks\u00e9g eset\u00e9n \u00fajs\u00e1gban, sz\u00f3r\u00f3lapon vagy plak\u00e1tok \u00fatj\u00e1n val\u00f3 k\u00f6zz\u00e9t\u00e9telt, illet\u0151leg t\u00e1j\u00e9koztat\u00e1st javasol. Hat\u00f3s\u00e1gi vagy jogi szab\u00e1lyoz\u00e1s bevezet\u00e9se eset\u00e9n javasolt lehet olyan ter\u00fcletek kialak\u00edt\u00e1sa, ahol szabadon haszn\u00e1lhat\u00f3 a dr\u00f3n, illet\u0151leg olyan adatb\u00e1zis l\u00e9trehoz\u00e1sa is megfontoland\u00f3 lehet, ahol a dr\u00f3nokkal kapcsolatos t\u00e1j\u00e9koztat\u00e1sok azonos helyen megtal\u00e1lhat\u00f3ak.<\/p>\n<p>Az <em>adatbiztons\u00e1g<\/em> tekintet\u00e9ben biztos\u00edtani sz\u00fcks\u00e9ges a dr\u00f3n \u00e9s a b\u00e1zis\u00e1llom\u00e1s k\u00f6z\u00f6tti biztons\u00e1gos adat\u00e1tvitelt. Az adatok meg\u0151rz\u00e9s\u00e9nek id\u0151tartam\u00e1t szigor\u00faan az adatkezel\u00e9si c\u00e9lhoz sz\u00fcks\u00e9ges igaz\u00edtani. Az adatbiztons\u00e1gi megfontol\u00e1sok \u00e9rv\u00e9nyre juttat\u00e1sa \u00e9rdek\u00e9ben a munkacsoport azt aj\u00e1nlja, hogy<br \/>\n&#8211; a felv\u00e9telekhez csak szigor\u00faan meghat\u00e1rozott, korl\u00e1tozott sz\u00e1m\u00fa szem\u00e9ly f\u00e9rhessen hozz\u00e1, akiknek a feladatuk ell\u00e1t\u00e1shoz sz\u00fcks\u00e9ges a felv\u00e9telek ismerete;<br \/>\n&#8211; titkos\u00edt\u00e1s haszn\u00e1lata a t\u00e1rol\u00e1s \u00e9s tov\u00e1bb\u00edt\u00e1s sor\u00e1n;<br \/>\n&#8211; adatokhoz val\u00f3 hozz\u00e1f\u00e9r\u00e9s \u00e9s a haszn\u00e1lat loggol\u00e1s\u00e1ra ker\u00fclj\u00f6n sor;<br \/>\n&#8211; szigor\u00fa adatmeg\u0151rz\u00e9si hat\u00e1rid\u0151k \u00e9rv\u00e9nyes\u00fcljenek, automatikus anonimiz\u00e1l\u00e1ssal, illet\u0151leg t\u00f6rl\u00e9ssel a meg\u0151rz\u00e9si id\u0151tartam lej\u00e1rt\u00e1t k\u00f6vet\u0151en;<br \/>\n&#8211; szem\u00e9lyes adatok megs\u00e9rt\u00e9s\u00e9nek bejelent\u00e9s\u00e9nek biztos\u00edt\u00e1sa (ha azt jogszab\u00e1ly el\u0151\u00edrja).<\/p>\n<p>Ezt meghalad\u00f3an a munkacsoport a k\u00e9pz\u00e9s, tan\u00fas\u00edt\u00e1s, illet\u0151leg \u00f6nszab\u00e1lyoz\u00e1s fontoss\u00e1g\u00e1t hangs\u00falyozza, ide\u00e9rtve k\u00fcl\u00f6n\u00f6sen magatart\u00e1si k\u00f3dexek elfogad\u00e1s\u00e1t. Ezek az int\u00e9zked\u00e9sek mindazon\u00e1ltal meghaladj\u00e1k a jogi szab\u00e1lyoz\u00e1s kereteit.<\/p>\n<p>A munkacsoport a fentiekre tekintettel <em>javasolja a jogalkot\u00f3k, illet\u0151leg szab\u00e1lyoz\u00f3 hat\u00f3s\u00e1gok r\u00e9sz\u00e9re<\/em>:<br \/>\n&#8211; olyan szab\u00e1lyoz\u00e1si keret elfogad\u00e1s\u00e1t, ami a rep\u00fcl\u00e9sbiztons\u00e1g \u00e9rdeke mellett az alapjogok, \u00edgy k\u00fcl\u00f6n\u00f6sen az adatv\u00e9delmi k\u00f6vetelm\u00e9nyek \u00e9rv\u00e9nyes\u00edt\u00e9s\u00e9t kiemelten biztos\u00edtja a dr\u00f3nok haszn\u00e1lat\u00e1val kapcsolatosan;<br \/>\n&#8211; a tag\u00e1llami int\u00e9zked\u00e9sek harmoniz\u00e1ci\u00f3j\u00e1t, illet\u0151leg moderniz\u00e1ci\u00f3j\u00e1t ezen a ter\u00fcleten;<br \/>\n&#8211; k\u00fcl\u00f6n\u00f6s (magatart\u00e1si) szab\u00e1lyok elfogad\u00e1s\u00e1t a dr\u00f3nok haszn\u00e1lat\u00e1ra n\u00e9zve, ide\u00e9rtve mag\u00e1n\u00e9let v\u00e9delmi szab\u00e1lyok betart\u00e1s\u00e1t, illet\u0151leg sz\u00fcks\u00e9g eset\u00e9n rep\u00fcl\u00e9stilalmi \u00f6vezetek kijel\u00f6l\u00e9s\u00e9t;<br \/>\n&#8211; a dr\u00f3nok forgalmaz\u00e1s vonatkoz\u00e1s\u00e1ban olyan k\u00f6telez\u0151 t\u00e1j\u00e9koztat\u00e1s ny\u00fajt\u00e1s\u00e1nak el\u0151\u00edr\u00e1s\u00e1t, ami a dr\u00f3nok haszn\u00e1lat\u00e1nak adatv\u00e9delmi kock\u00e1zatair\u00f3l t\u00e1j\u00e9koztatja, illet\u0151leg a jogszab\u00e1lyok betart\u00e1s\u00e1nak k\u00f6telezetts\u00e9g\u00e9re figyelmezteti a haszn\u00e1l\u00f3t;<br \/>\n&#8211; egys\u00e9ges adatv\u00e9delmi kock\u00e1zat\u00e9rt\u00e9kel\u00e9si krit\u00e9riumok kialak\u00edt\u00e1s\u00e1t dr\u00f3nok vonatkoz\u00e1s\u00e1ban;<br \/>\n&#8211; a dr\u00f3nok kereskedelmi c\u00e9l\u00fa felhaszn\u00e1l\u00e1s\u00e1nak jogi szab\u00e1lyoz\u00e1sakor az adatv\u00e9delmi k\u00f6vetelm\u00e9nyek \u00e9rv\u00e9nyes\u00edt\u00e9s\u00e9t;<br \/>\n&#8211; tan\u00fas\u00edt\u00e1si rendszerek t\u00e1mogat\u00e1s\u00e1t;<br \/>\n&#8211; a dr\u00f3nok haszn\u00e1lat\u00e1nak transzparenci\u00e1j\u00e1t n\u00f6vel\u0151 technol\u00f3gi\u00e1k kutat\u00e1s\u00e1nak finansz\u00edroz\u00e1s\u00e1t.<\/p>\n<p>A munkacsoport <em>gy\u00e1rt\u00f3k, illet\u0151leg \u00fczemeltet\u0151k r\u00e9sz\u00e9re javasolja<\/em><br \/>\n&#8211; be\u00e9p\u00edtett adatv\u00e9delem (privacy by design \u00e9s privacy by default) alkalmaz\u00e1s\u00e1t;<br \/>\n&#8211; adatv\u00e9delmi felel\u0151s alkalmaz\u00e1s\u00e1t a tervez\u00e9s \u00e9s a dr\u00f3nhaszn\u00e1lat vonatkoz\u00e1s\u00e1ban;<br \/>\n&#8211; \u00f6nszab\u00e1lyoz\u00e1si s\u00e9m\u00e1k, magatart\u00e1si k\u00f3dexek kialak\u00edt\u00e1s\u00e1t;<br \/>\n&#8211; a dr\u00f3nok l\u00e1that\u00f3s\u00e1g\u00e1nak, illet\u0151leg azonos\u00edthat\u00f3s\u00e1gra vonatkoz\u00f3 int\u00e9zked\u00e9sek megteremt\u00e9s\u00e9t;<br \/>\n&#8211; a dr\u00f3n vezet\u0151je l\u00e1that\u00f3s\u00e1g\u00e1nak megteremt\u00e9s\u00e9t;<br \/>\n&#8211; mag\u00e1nhaszn\u00e1lat\u00fa helyek \u00e9s \u00e9p\u00edtm\u00e9nyek elker\u00fcl\u00e9s\u00e9t a dr\u00f3n \u00fczemetet\u00e9se sor\u00e1n.<\/p>\n<p>A munkacsoport \u00e1ll\u00e1sfoglal\u00e1sa<a href=\"http:\/\/ec.europa.eu\/justice\/data-protection\/article-29\/documentation\/opinion-recommendation\/files\/2015\/wp231_en.pdf\"> itt <\/a>el\u00e9rhet\u0151.<\/p>\n","protected":false},"excerpt":{"rendered":"<p>A 29.cikk szerinti adatv\u00e9delmi munkacsoport 01\/2015 sz\u00e1m alatt v\u00e9lem\u00e9nyt fogadott el a dr\u00f3nok hasznos\u00edt\u00e1s\u00e1val kapcsolatos adatkezel\u00e9sr\u0151l. Az aj\u00e1nl\u00e1s k\u00fcl\u00f6nlegess\u00e9g\u00e9t adja, hogy a magyar adatv\u00e9delmi hat\u00f3s\u00e1g 2014. november\u00e9ben maga is aj\u00e1nl\u00e1st fogadott el ugyanebben a t\u00e9m\u00e1ban (melyet a munkacsoporti v\u00e9lem\u00e9ny k\u00f6vet), illet\u0151leg 2015. febru\u00e1rj\u00e1ban a NAIH adott otthont egy nemzetk\u00f6zi dr\u00f3n-konferenci\u00e1nak is. T\u00e1vir\u00e1ny\u00edt\u00e1s\u00fa rep\u00fcl\u0151g\u00e9p rendszerek (Remotely [&hellip;]<\/p>\n","protected":false},"author":2,"featured_media":0,"comment_status":"closed","ping_status":"open","sticky":true,"template":"","format":"standard","meta":[],"categories":[696,51],"tags":[7,782,11,702,72,784,8],"_links":{"self":[{"href":"https:\/\/www.dataprivacy.hu\/index.php?rest_route=\/wp\/v2\/posts\/1399"}],"collection":[{"href":"https:\/\/www.dataprivacy.hu\/index.php?rest_route=\/wp\/v2\/posts"}],"about":[{"href":"https:\/\/www.dataprivacy.hu\/index.php?rest_route=\/wp\/v2\/types\/post"}],"author":[{"embeddable":true,"href":"https:\/\/www.dataprivacy.hu\/index.php?rest_route=\/wp\/v2\/users\/2"}],"replies":[{"embeddable":true,"href":"https:\/\/www.dataprivacy.hu\/index.php?rest_route=%2Fwp%2Fv2%2Fcomments&post=1399"}],"version-history":[{"count":3,"href":"https:\/\/www.dataprivacy.hu\/index.php?rest_route=\/wp\/v2\/posts\/1399\/revisions"}],"predecessor-version":[{"id":1403,"href":"https:\/\/www.dataprivacy.hu\/index.php?rest_route=\/wp\/v2\/posts\/1399\/revisions\/1403"}],"wp:attachment":[{"href":"https:\/\/www.dataprivacy.hu\/index.php?rest_route=%2Fwp%2Fv2%2Fmedia&parent=1399"}],"wp:term":[{"taxonomy":"category","embeddable":true,"href":"https:\/\/www.dataprivacy.hu\/index.php?rest_route=%2Fwp%2Fv2%2Fcategories&post=1399"},{"taxonomy":"post_tag","embeddable":true,"href":"https:\/\/www.dataprivacy.hu\/index.php?rest_route=%2Fwp%2Fv2%2Ftags&post=1399"}],"curies":[{"name":"wp","href":"https:\/\/api.w.org\/{rel}","templated":true}]}}