{"id":1086,"date":"2012-06-28T23:32:12","date_gmt":"2012-06-28T21:32:12","guid":{"rendered":"http:\/\/www.dataprivacy.hu\/?p=1086"},"modified":"2012-06-28T23:40:20","modified_gmt":"2012-06-28T21:40:20","slug":"42012-szamu-allasfoglalas-a-sutik-alkalmazasaval-kapcsolatos-hozzajarulas-aloli-kivetelekrol-cookie-consent-exemption","status":"publish","type":"post","link":"https:\/\/www.dataprivacy.hu\/?p=1086","title":{"rendered":"4\/2012. sz\u00e1m\u00fa \u00e1ll\u00e1sfoglal\u00e1s a s\u00fctik alkalmaz\u00e1s\u00e1val kapcsolatos hozz\u00e1j\u00e1rul\u00e1s al\u00f3li kiv\u00e9telekr\u0151l (cookie consent exemption)"},"content":{"rendered":"<p>A <a href=\"http:\/\/eur-lex.europa.eu\/LexUriServ\/LexUriServ.do?uri=OJ:L:2009:337:0011:0036:hu:PDF\">2009\/136\/EK ir\u00e1nyelv<\/a> \u00e1ltal m\u00f3dos\u00edtott 2002\/58\/EK ir\u00e1nyelv 5. cikk (3) bekezd\u00e9se az el\u0151fizet\u0151, illetve felhaszn\u00e1l\u00f3 v\u00e9gberendez\u00e9s\u00e9ben t\u00f6rt\u00e9n\u0151 adatt\u00e1rol\u00e1st, illetve az ott t\u00e1rolt adatokhoz val\u00f3 hozz\u00e1f\u00e9r\u00e9st (cookie) \u2013 az adatalany megfelel\u0151 t\u00e1j\u00e9koztat\u00e1sa mellett \u2013 el\u0151zetes hozz\u00e1j\u00e1rul\u00e1shoz k\u00f6t\u00f6tte. Az ir\u00e1nyelv \u00e9rtelm\u00e9ben ez a rendelkez\u00e9s nem akad\u00e1lyozza az olyan m\u0171szaki t\u00e1rol\u00e1st, illetve m\u0171szaki hozz\u00e1f\u00e9r\u00e9st, amelynek kiz\u00e1r\u00f3lagos c\u00e9lja az elektronikus h\u00edrk\u00f6zl\u0151 h\u00e1l\u00f3zaton kereszt\u00fcl t\u00f6rt\u00e9n\u0151 k\u00f6zl\u00e9stov\u00e1bb\u00edt\u00e1s, vagy amelyre az el\u0151fizet\u0151 vagy felhaszn\u00e1l\u00f3 \u00e1ltal kifejezetten k\u00e9rt, az inform\u00e1ci\u00f3s t\u00e1rsadalommal \u00f6sszef\u00fcgg\u0151 szolg\u00e1ltat\u00e1s ny\u00fajt\u00e1s\u00e1hoz a szolg\u00e1ltat\u00f3nak felt\u00e9tlen\u00fcl sz\u00fcks\u00e9ge van.<\/p>\n<p><!--more--><\/p>\n<p>A 29. sz\u00e1m\u00fa adatv\u00e9delmi munkacsoport \u00e1ll\u00e1sfoglal\u00e1st bocs\u00e1jtott ki a fenti k\u00f6vetelm\u00e9nyek \u00e9rtelmez\u00e9s\u00e9vel kapcsolatosan, teh\u00e1t annak egy\u00e9rtelm\u0171v\u00e9 t\u00e9tele \u00e9rdek\u00e9ben, hogy mely s\u00fctik eset\u00e9ben nincsen sz\u00fcks\u00e9g a felhaszn\u00e1l\u00f3t\u00f3l el\u0151zetes hozz\u00e1j\u00e1rul\u00e1s beszerz\u00e9s\u00e9re. A munkacsoport szerint ez k\u00e9t s\u00fcti t\u00edpust \u00e9rint, \u00edgy<\/p>\n<p>1. az olyan s\u00fctik alkalmaz\u00e1s\u00e1t, melyek kiz\u00e1r\u00f3lagos c\u00e9lja az elektronikus h\u00edrk\u00f6zl\u0151 h\u00e1l\u00f3zaton kereszt\u00fcl t\u00f6rt\u00e9n\u0151 k\u00f6zl\u00e9stov\u00e1bb\u00edt\u00e1s;<\/p>\n<p>2. olyan s\u00fctiket, amelyre az el\u0151fizet\u0151 vagy felhaszn\u00e1l\u00f3 \u00e1ltal kifejezetten k\u00e9rt, az inform\u00e1ci\u00f3s t\u00e1rsadalommal \u00f6sszef\u00fcgg\u0151 szolg\u00e1ltat\u00e1s ny\u00fajt\u00e1s\u00e1hoz a szolg\u00e1ltat\u00f3nak felt\u00e9tlen\u00fcl sz\u00fcks\u00e9ge van;<\/p>\n<p>Az els\u0151 sz\u00e1m\u00fa s\u00fcti t\u00edpus vonatkoz\u00e1s\u00e1ban a munkacsoport r\u00f6gz\u00edti, hogy az ott r\u00f6gz\u00edtett k\u00f6vetelm\u00e9nyeket sz\u0171ken kell \u00e9rtelmezni \u00e9s csak olyan s\u00fctikre vonatkozik a felment\u00e9s, amelyek a k\u00f6zl\u00e9s-tov\u00e1bb\u00edt\u00e1shoz n\u00e9lk\u00fcl\u00f6zhetetlenek. Enn\u00e9l fogva a k\u00f6zl\u00e9stov\u00e1bb\u00edt\u00e1st csup\u00e1n \u201eel\u0151seg\u00edt\u0151\u201d s\u00fctikre ez a felment\u00e9s nem vonatkozik.<\/p>\n<p>A m\u00e1sodik sz\u00e1m\u00fa s\u00fcti t\u00edpus olyan adatt\u00e1rol\u00e1sra vonatkozik, melyet az el\u0151fizet\u0151 \/ felhaszn\u00e1l\u00f3 kifejezett magatart\u00e1s\u00e1val ig\u00e9nyelt, \u00e9s amely n\u00e9lk\u00fcl a szolg\u00e1ltat\u00e1s sem m\u0171k\u00f6dne. Ezzel \u00f6sszef\u00fcgg\u00e9sben ir\u00e1nyelv (66) preambulumbekezd\u00e9se mondja ki, hogy a kiv\u00e9telszab\u00e1lyt arra az esetre kell korl\u00e1tozni, amikor adott, az el\u0151fizet\u0151 vagy felhaszn\u00e1l\u00f3 \u00e1ltal kifejezetten k\u00e9rt szolg\u00e1ltat\u00e1s jogszer\u0171 ig\u00e9nybev\u00e9tel\u00e9hez felt\u00e9tlen\u00fcl sz\u00fcks\u00e9ges a technikai t\u00e1rol\u00e1s vagy hozz\u00e1f\u00e9r\u00e9s.<\/p>\n<p>A munkacsoport elismerte, hogy egy inform\u00e1ci\u00f3s t\u00e1rsadalommal kapcsolatos szolg\u00e1ltat\u00e1s \u2013 a felhaszn\u00e1l\u00f3 tev\u00e9kenys\u00e9g\u00e9t\u0151l f\u00fcgg\u0151en \u2013 sz\u00e1mos m\u0171k\u00f6d\u00e9si m\u00f3dot egyes\u00edthet (pl. online \u00fajs\u00e1g, ami szabadon hozz\u00e1f\u00e9rhet\u0151, m\u00edg a kommentel\u00e9s csak regisztr\u00e1lt felhaszn\u00e1l\u00f3k r\u00e9sz\u00e9re enged\u00e9lyezett). A munkacsoport szerint teh\u00e1t egy specifikus m\u0171k\u00f6d\u00e9si m\u00f3dot, illetve funkcionalit\u00e1st kell \u00e9rteni a \u201eszolg\u00e1ltat\u00e1s ny\u00fajt\u00e1sa\u201d alatt \u00e9s \u00e9rtelemszer\u0171en nem a szolg\u00e1ltat\u00e1sok \u00f6sszess\u00e9g\u00e9t.<\/p>\n<p>A s\u00fctik oszt\u00e1lyoz\u00e1sa alapj\u00e1n a munkacsoport szerint l\u00e9teznek \u00fan. munkamenet s\u00fctik (session cookie-k), melyek a b\u00f6ng\u00e9sz\u0151 bez\u00e1r\u00e1s\u00e1val t\u00f6rl\u0151dnek, illetve l\u00e9teznek \u00e1lland\u00f3 cookie-k, melyek lej\u00e1rati idej\u00fckkel t\u00f6rl\u0151dnek a felhaszn\u00e1l\u00f3 merevlemez\u00e9r\u0151l. Harmadr\u00e9szr\u0151l a munkacsoport megk\u00fcl\u00f6nb\u00f6zteti a weboldal saj\u00e1t cookie-jait \u00e9s ezzel szembe \u00e1ll\u00edtja az \u00fan. k\u00fcls\u0151 cookie-kat. Ez ut\u00f3bbiak olyan szem\u00e9lyek (adatkezel\u0151k) s\u00fctijei, akik nem a felhaszn\u00e1l\u00f3 \u00e1ltal l\u00e1togatott weboldal \u00fczemeltet\u0151i. A munkacsoport szerint az \u00e1lland\u00f3 k\u00fcls\u0151 cookie-k feltehet\u0151en nem teljes\u00edtik a kiv\u00e9telszab\u00e1lyt.<\/p>\n<p>A munkacsoport az \u00e1ll\u00e1sfoglal\u00e1s\u00e1ban szint\u00e9n a kiv\u00e9tel szab\u00e1ly alkalmaz\u00e1sa szempontj\u00e1b\u00f3l elemzi bizonyos s\u00fcti t\u00edpusok alkalmaz\u00e1s\u00e1t, \u2013 \u00edgy \u201euser input cookie\u201d-t (melyek a felhaszn\u00e1l\u00f3 adatbevitel\u00e9t r\u00f6gz\u00edtik), a hiteles\u00edt\u0151 cookie-t, melyek a felhaszn\u00e1l\u00f3t bejelentkez\u00e9s k\u00f6vet\u0151en azonos\u00edtj\u00e1k, biztons\u00e1gi cookie-t, a multim\u00e9dia lej\u00e1tsz\u00f3 cookie-t, terhel\u00e9s-eloszt\u00f3 s\u00fctit, felhaszn\u00e1l\u00f3i fel\u00fclet s\u00fctik, etc.<\/p>\n<p>A munkacsoport szerint olyan s\u00fctik eset\u00e9ben, amelyre az el\u0151fizet\u0151 vagy felhaszn\u00e1l\u00f3 \u00e1ltal kifejezetten k\u00e9rt, az inform\u00e1ci\u00f3s t\u00e1rsadalommal \u00f6sszef\u00fcgg\u0151 szolg\u00e1ltat\u00e1s ny\u00fajt\u00e1s\u00e1hoz a szolg\u00e1ltat\u00f3nak felt\u00e9tlen\u00fcl sz\u00fcks\u00e9ge van, a sz\u00fcks\u00e9gess\u00e9g k\u00f6vetelm\u00e9ny\u00e9t mindig a felhaszn\u00e1l\u00f3 szempontj\u00e1b\u00f3l kell figyelembe venni. Amennyiben egy cookie-t t\u00f6bb c\u00e9l \u00e9rdek\u00e9ben is haszn\u00e1lnak (multi-purpose cookie), valamennyi ilyen c\u00e9lnak k\u00fcl\u00f6n is teljes\u00edtenie sz\u00fcks\u00e9ges a kiv\u00e9telszab\u00e1lyt annak \u00e9rdek\u00e9ben, hogy ne legyen sz\u00fcks\u00e9ges hozz\u00e1j\u00e1rul\u00e1st beszerezni azok alkalmaz\u00e1s\u00e1hoz. Az oldal saj\u00e1t munkamenet\u00e9hez kapcsol\u00f3d\u00f3 cookie-jai ink\u00e1bb teljes\u00edtik a kiv\u00e9telszab\u00e1lyt, mint a k\u00fcls\u0151 \u00e1lland\u00f3 cookie-k. A kiv\u00e9tel alkalmaz\u00e1sa szempontj\u00e1b\u00f3l a cookie c\u00e9lja a d\u00f6nt\u0151 \u00e9s nem annak technikai param\u00e9terei.<\/p>\n<p>A munkacsoport szerint amennyiben a weboldal \u00fczemeltet\u0151 sz\u00e1m\u00e1ra k\u00e9ts\u00e9ges a kiv\u00e9telszab\u00e1ly alkalmaz\u00e1sa, \u00fagy a jogbiztons\u00e1g \u00e9rdek\u00e9ben javasolt annak megvizsg\u00e1l\u00e1sa, hogy a felhaszn\u00e1l\u00f3 hozz\u00e1j\u00e1rul\u00e1s\u00e1nak beszerz\u00e9s\u00e9re van-e lehet\u0151s\u00e9g.<\/p>\n<p>A munkacsoport \u00e1ll\u00e1sfoglal\u00e1sa el\u00e9rhet\u0151 itt: <a href=\"http:\/\/ec.europa.eu\/justice\/data-protection\/article-29\/documentation\/opinion-recommendation\/files\/2012\/wp194_en.pdf\">http:\/\/ec.europa.eu\/justice\/data-protection\/article-29\/documentation\/opinion-recommendation\/files\/2012\/wp194_en.pdf<\/a><\/p>\n<p>\u00c9s hogyan \u00e9rv\u00e9nyes\u00fclnek itthon a fenti szab\u00e1lyok?<\/p>\n<p>A 2009\/136\/EK ir\u00e1nyelv hazai \u00e1t\u00fcltet\u00e9s\u00e9vel kapcsolatosan meg\u00e1llap\u00edthat\u00f3, hogy a jogalkot\u00f3 komoly hib\u00e1t k\u00f6vetett el, ugyanis az ir\u00e1nyelv 5. cikk (3) bekezd\u00e9se \u00e9s az ott r\u00f6gz\u00edtett el\u0151zetes hozz\u00e1j\u00e1rul\u00e1s k\u00f6vetelm\u00e9nye kiz\u00e1r\u00f3lag az elektronikus h\u00edrk\u00f6zl\u00e9sr\u0151l sz\u00f3l\u00f3 t\u00f6rv\u00e9nybe ker\u00fclt \u00e1t\u00fcltet\u00e9sre (v\u00f6 Eht. 155. \u00a7 (4)), enn\u00e9l fogva ez a k\u00f6vetelm\u00e9ny csak elektronikus h\u00edrk\u00f6zl\u00e9s ter\u00fclet\u00e9n alkalmazand\u00f3. Ezzel szemben inform\u00e1ci\u00f3s t\u00e1rsadalommal kapcsolatos szolg\u00e1ltat\u00e1sokra (ami fogalmilag sem rendelhet\u0151 az elektronikus h\u00edrk\u00f6zl\u00e9si szolg\u00e1ltat\u00e1s meghat\u00e1roz\u00e1sa al\u00e1) tov\u00e1bbra is a 2001. \u00e9vi CVIII. t\u00f6rv\u00e9ny (Ekertv.) 13\/A \u00a7 adatv\u00e9delmi szab\u00e1lyai ir\u00e1nyad\u00f3ak, amelyek az \u00faj ir\u00e1nyelvvel ellent\u00e9tben j\u00f3val t\u00e1gabb k\u00f6rben teszik lehet\u0151v\u00e9 a hozz\u00e1j\u00e1rul\u00e1s al\u00f3li kiv\u00e9telek alkalmaz\u00e1s\u00e1t. A jogharmoniz\u00e1ci\u00f3 megteremt\u00e9se \u00e9rdek\u00e9ben teh\u00e1t az Ekertv. nyilv\u00e1nval\u00f3an m\u00f3dos\u00edt\u00e1sra szorul.<\/p>\n","protected":false},"excerpt":{"rendered":"<p>A 2009\/136\/EK ir\u00e1nyelv \u00e1ltal m\u00f3dos\u00edtott 2002\/58\/EK ir\u00e1nyelv 5. cikk (3) bekezd\u00e9se az el\u0151fizet\u0151, illetve felhaszn\u00e1l\u00f3 v\u00e9gberendez\u00e9s\u00e9ben t\u00f6rt\u00e9n\u0151 adatt\u00e1rol\u00e1st, illetve az ott t\u00e1rolt adatokhoz val\u00f3 hozz\u00e1f\u00e9r\u00e9st (cookie) \u2013 az adatalany megfelel\u0151 t\u00e1j\u00e9koztat\u00e1sa mellett \u2013 el\u0151zetes hozz\u00e1j\u00e1rul\u00e1shoz k\u00f6t\u00f6tte. Az ir\u00e1nyelv \u00e9rtelm\u00e9ben ez a rendelkez\u00e9s nem akad\u00e1lyozza az olyan m\u0171szaki t\u00e1rol\u00e1st, illetve m\u0171szaki hozz\u00e1f\u00e9r\u00e9st, amelynek kiz\u00e1r\u00f3lagos c\u00e9lja az [&hellip;]<\/p>\n","protected":false},"author":2,"featured_media":0,"comment_status":"open","ping_status":"open","sticky":false,"template":"","format":"standard","meta":[],"categories":[49,51],"tags":[156,254,253,21,134,252],"_links":{"self":[{"href":"https:\/\/www.dataprivacy.hu\/index.php?rest_route=\/wp\/v2\/posts\/1086"}],"collection":[{"href":"https:\/\/www.dataprivacy.hu\/index.php?rest_route=\/wp\/v2\/posts"}],"about":[{"href":"https:\/\/www.dataprivacy.hu\/index.php?rest_route=\/wp\/v2\/types\/post"}],"author":[{"embeddable":true,"href":"https:\/\/www.dataprivacy.hu\/index.php?rest_route=\/wp\/v2\/users\/2"}],"replies":[{"embeddable":true,"href":"https:\/\/www.dataprivacy.hu\/index.php?rest_route=%2Fwp%2Fv2%2Fcomments&post=1086"}],"version-history":[{"count":9,"href":"https:\/\/www.dataprivacy.hu\/index.php?rest_route=\/wp\/v2\/posts\/1086\/revisions"}],"predecessor-version":[{"id":1095,"href":"https:\/\/www.dataprivacy.hu\/index.php?rest_route=\/wp\/v2\/posts\/1086\/revisions\/1095"}],"wp:attachment":[{"href":"https:\/\/www.dataprivacy.hu\/index.php?rest_route=%2Fwp%2Fv2%2Fmedia&parent=1086"}],"wp:term":[{"taxonomy":"category","embeddable":true,"href":"https:\/\/www.dataprivacy.hu\/index.php?rest_route=%2Fwp%2Fv2%2Fcategories&post=1086"},{"taxonomy":"post_tag","embeddable":true,"href":"https:\/\/www.dataprivacy.hu\/index.php?rest_route=%2Fwp%2Fv2%2Ftags&post=1086"}],"curies":[{"name":"wp","href":"https:\/\/api.w.org\/{rel}","templated":true}]}}